{"id":7624,"date":"2022-12-16T12:32:39","date_gmt":"2022-12-16T12:32:39","guid":{"rendered":"https:\/\/suasesport.com\/?p=7624"},"modified":"2022-12-16T12:33:59","modified_gmt":"2022-12-16T12:33:59","slug":"irene-molina-gemma-pastor-y-claudia-bermejo-jugaran-los-amistosos-de-la-valenciana-sub-16-y-sub-17","status":"publish","type":"post","link":"https:\/\/suasesport.com\/es\/irene-molina-gemma-pastor-y-claudia-bermejo-jugaran-los-amistosos-de-la-valenciana-sub-16-y-sub-17\/","title":{"rendered":"Irene Molina, Gemma Pastor y Claudia Bermejo jugar\u00e1n los amistosos de la Valenciana Sub 16 y Sub 17"},"content":{"rendered":"\n<p>Tres jugadoras de la Marina Alta han sido convocadas por las selecciones Sub 16 y Sub 17 para jugar los partidos amistosos que la Valenciana disputar\u00e1 en Alf\u00e0s del Pi contra el Regi\u00f3n de Flandes el pr\u00f3ximo martes, 20 de diciembre. Irene Molina Delgado de D\u00e9nia y Gemma Pastor Pino de El Verger estar\u00e1n con la selecci\u00f3n Sub 16.\u00a0 Claudia Bermejo Gasent de El Verger lo har\u00e1 con la selecci\u00f3n Sub 17.\u00a0<\/p>\n\n\n\n<p>Uge Soto, entrenadora de la selecci\u00f3n Sub 16, ha citado a diecinueve jugadoras, entre las que est\u00e1n Irene (Levante UD), que es centrocampista y Gemma (Valencia F\u00e9minas CF) que es portera. La participaci\u00f3n de Irene en este partido est\u00e1 en el aire ya se est\u00e1 recuperando una fractura de radio, est\u00e1 previsto que reciba el alta el lunes, pero ser\u00e1n los servicios m\u00e9dicos del Levante los que decidan si puede o no puede jugar este amistosos. El encuentro se disputa a las 16.15 horas en el Polideportivo Municipal de Alf\u00e0s del Pi.&nbsp;<\/p>\n\n\n\n<p>Alicia Moreno, seleccionadora de la Sub 17, ha citado tambi\u00e9n a diecinueve jugadoras entre las que est\u00e1 la vergerina Claudia. La jugadora de El Verger es portera y juega en el Levante UD. El encuentro&nbsp; de la Valenciana y Regi\u00f3n de Flandes tambi\u00e9n se jugar\u00e1 en el Polideportivo Municipal de Alf\u00e0s del Pi pero a las 17.45 horas. <\/p>\n\n\n","protected":false},"excerpt":{"rendered":"<p>Tres jugadoras de la Marina Alta han sido convocadas por las selecciones Sub 16 y Sub 17 para jugar los partidos amistosos que la Valenciana disputar\u00e1 en Alf\u00e0s del Pi contra el Regi\u00f3n de Flandes el pr\u00f3ximo martes, 20 de diciembre. Irene Molina Delgado de D\u00e9nia y Gemma Pastor Pino de El Verger estar\u00e1n con&hellip; <a class=\"more-link\" href=\"https:\/\/suasesport.com\/es\/irene-molina-gemma-pastor-y-claudia-bermejo-jugaran-los-amistosos-de-la-valenciana-sub-16-y-sub-17\/\">Seguir leyendo <span class=\"screen-reader-text\">Irene Molina, Gemma Pastor y Claudia Bermejo jugar\u00e1n los amistosos de la Valenciana Sub 16 y Sub 17<\/span><\/a><\/p>\n","protected":false},"author":1,"featured_media":7633,"comment_status":"open","ping_status":"open","sticky":false,"template":"","format":"standard","meta":{"footnotes":""},"categories":[6,147],"tags":[],"class_list":["post-7624","post","type-post","status-publish","format-standard","has-post-thumbnail","hentry","category-futbol","category-futbol-femenino-11","entry"],"_links":{"self":[{"href":"https:\/\/suasesport.com\/es\/wp-json\/wp\/v2\/posts\/7624","targetHints":{"allow":["GET"]}}],"collection":[{"href":"https:\/\/suasesport.com\/es\/wp-json\/wp\/v2\/posts"}],"about":[{"href":"https:\/\/suasesport.com\/es\/wp-json\/wp\/v2\/types\/post"}],"author":[{"embeddable":true,"href":"https:\/\/suasesport.com\/es\/wp-json\/wp\/v2\/users\/1"}],"replies":[{"embeddable":true,"href":"https:\/\/suasesport.com\/es\/wp-json\/wp\/v2\/comments?post=7624"}],"version-history":[{"count":6,"href":"https:\/\/suasesport.com\/es\/wp-json\/wp\/v2\/posts\/7624\/revisions"}],"predecessor-version":[{"id":7640,"href":"https:\/\/suasesport.com\/es\/wp-json\/wp\/v2\/posts\/7624\/revisions\/7640"}],"wp:featuredmedia":[{"embeddable":true,"href":"https:\/\/suasesport.com\/es\/wp-json\/wp\/v2\/media\/7633"}],"wp:attachment":[{"href":"https:\/\/suasesport.com\/es\/wp-json\/wp\/v2\/media?parent=7624"}],"wp:term":[{"taxonomy":"category","embeddable":true,"href":"https:\/\/suasesport.com\/es\/wp-json\/wp\/v2\/categories?post=7624"},{"taxonomy":"post_tag","embeddable":true,"href":"https:\/\/suasesport.com\/es\/wp-json\/wp\/v2\/tags?post=7624"}],"curies":[{"name":"wp","href":"https:\/\/api.w.org\/{rel}","templated":true}]}}