{"id":6884,"date":"2022-12-02T10:32:21","date_gmt":"2022-12-02T10:32:21","guid":{"rendered":"https:\/\/suasesport.com\/?p=6884"},"modified":"2022-12-02T10:32:24","modified_gmt":"2022-12-02T10:32:24","slug":"judit-de-laguar-es-subcampeona-juvenil-interprovincial-de-one-wall-dels-jecv","status":"publish","type":"post","link":"https:\/\/suasesport.com\/es\/judit-de-laguar-es-subcampeona-juvenil-interprovincial-de-one-wall-dels-jecv\/","title":{"rendered":"Judit de Laguar es subcampeona juvenil interprovincial de one wall dels JECV"},"content":{"rendered":"\n<p>Judit del CPV Vall de Laguar quedaba subcampeona interprovincial juvenil en la modalidad de one wall de los Jocs Esportius de la Comunitat Valenciana (JECV) que se disputaba en Massamagrell el pasado domingo. Una jornada en la que adem\u00e1s tambi\u00e9n se jugaban las finales auton\u00f3micas de la misma modalidad en las categor\u00edas benjam\u00edn, alev\u00edn, infantil y cadete. En esas finales auton\u00f3micas hay que destaca el cuarto puesto de la ondarense Uxue en categor\u00eda infantil. M\u00e1s de un centenar de jugadoras participaron en las finales, entre las que se encontraban las representantes de las escuelas de Beniarbeig El Verger, Laguar, Xal\u00f3, Ondara y D\u00e9nia.&nbsp;<\/p>\n\n\n\n<p>Los podios en cada una de las categor\u00edas fueron los siguientes:&nbsp;<\/p>\n\n\n\n<p>&#8211; Interpovincial juveniles<\/p>\n\n\n\n<p>1. Lluna (CPV Borbot\u00f3).&nbsp;<\/p>\n\n\n\n<p>2. Judith (CPV Vall de Laguar).&nbsp;<\/p>\n\n\n\n<p>3. Mireia (CPV Beniparell).&nbsp;<\/p>\n\n\n\n<p>4. Marta (CPV Meliana).&nbsp;<\/p>\n\n\n\n<p>&#8211; Benjamines&nbsp;<\/p>\n\n\n\n<p>1. In\u00e9s (CPV Borbot\u00f3).&nbsp;<\/p>\n\n\n\n<p>2. Caterina (CVP Villalonga).&nbsp;<\/p>\n\n\n\n<p>3. Ainoa (CPV Oliva).&nbsp;<\/p>\n\n\n\n<p>4. Ainhoa (CPV Meliana).&nbsp;<\/p>\n\n\n\n<p>&#8211; Alevines&nbsp;<\/p>\n\n\n\n<p>1. Elisa (CPV Meliana).&nbsp;<\/p>\n\n\n\n<p>2. Natalia (CPV Meliana).&nbsp;<\/p>\n\n\n\n<p>3. Estela (CPC Meliana).&nbsp;<\/p>\n\n\n\n<p>4. Andrea (CPV Almenara).<\/p>\n\n\n\n<p>&#8211; Infantiles&nbsp;<\/p>\n\n\n\n<p>1. Laia (CPV Bicorp).&nbsp;<\/p>\n\n\n\n<p>2. Aroa (CPV Moixent).&nbsp;<\/p>\n\n\n\n<p>3. Nuria (CPV Bicorp).&nbsp;<\/p>\n\n\n\n<p>4. Uxue (CPV Ondara).&nbsp;<\/p>\n\n\n\n<p>&#8211; Cadetes&nbsp;<\/p>\n\n\n\n<p>1. Mar (CPV Massalfassar).&nbsp;<\/p>\n\n\n\n<p>2. Clara (IES Mar\u00edtim).&nbsp;<\/p>\n\n\n\n<p>3.- Laura (CPV Carlet-Volea).&nbsp;<\/p>\n\n\n\n<p>4. Reyes (CPV Finestrat).<\/p>\n\n\n\n<p><\/p>\n\n\n\n<p><\/p>\n\n\n\n<figure class=\"wp-block-gallery has-nested-images columns-default is-cropped wp-block-gallery-2 is-layout-flex wp-block-gallery-is-layout-flex\">\n<figure class=\"wp-block-image size-large\"><img loading=\"lazy\" decoding=\"async\" width=\"1024\" height=\"646\" data-id=\"6888\" src=\"https:\/\/suasesport.com\/wp-content\/uploads\/2022\/12\/foto.-Podium-infantil-JECV-One-Wall-individual-femeni-1024x646.jpg\" alt=\"\" class=\"wp-image-6888\" srcset=\"https:\/\/suasesport.com\/wp-content\/uploads\/2022\/12\/foto.-Podium-infantil-JECV-One-Wall-individual-femeni-1024x646.jpg 1024w, https:\/\/suasesport.com\/wp-content\/uploads\/2022\/12\/foto.-Podium-infantil-JECV-One-Wall-individual-femeni-300x189.jpg 300w, https:\/\/suasesport.com\/wp-content\/uploads\/2022\/12\/foto.-Podium-infantil-JECV-One-Wall-individual-femeni-768x485.jpg 768w, https:\/\/suasesport.com\/wp-content\/uploads\/2022\/12\/foto.-Podium-infantil-JECV-One-Wall-individual-femeni-1536x969.jpg 1536w, https:\/\/suasesport.com\/wp-content\/uploads\/2022\/12\/foto.-Podium-infantil-JECV-One-Wall-individual-femeni-2048x1293.jpg 2048w, https:\/\/suasesport.com\/wp-content\/uploads\/2022\/12\/foto.-Podium-infantil-JECV-One-Wall-individual-femeni-1080x682.jpg 1080w\" sizes=\"auto, (max-width: 1024px) 100vw, 1024px\" \/><\/figure>\n<\/figure>\n\n\n\n<p><\/p>\n\n\n","protected":false},"excerpt":{"rendered":"<p>Judit del CPV Vall de Laguar quedaba subcampeona interprovincial juvenil en la modalidad de one wall de los Jocs Esportius de la Comunitat Valenciana (JECV) que se disputaba en Massamagrell el pasado domingo. Una jornada en la que adem\u00e1s tambi\u00e9n se jugaban las finales auton\u00f3micas de la misma modalidad en las categor\u00edas benjam\u00edn, alev\u00edn, infantil&hellip; <a class=\"more-link\" href=\"https:\/\/suasesport.com\/es\/judit-de-laguar-es-subcampeona-juvenil-interprovincial-de-one-wall-dels-jecv\/\">Seguir leyendo <span class=\"screen-reader-text\">Judit de Laguar es subcampeona juvenil interprovincial de one wall dels JECV<\/span><\/a><\/p>\n","protected":false},"author":1,"featured_media":6886,"comment_status":"open","ping_status":"open","sticky":false,"template":"","format":"standard","meta":{"footnotes":""},"categories":[131,13],"tags":[],"class_list":["post-6884","post","type-post","status-publish","format-standard","has-post-thumbnail","hentry","category-escuela-pilota","category-pilota","entry"],"_links":{"self":[{"href":"https:\/\/suasesport.com\/es\/wp-json\/wp\/v2\/posts\/6884","targetHints":{"allow":["GET"]}}],"collection":[{"href":"https:\/\/suasesport.com\/es\/wp-json\/wp\/v2\/posts"}],"about":[{"href":"https:\/\/suasesport.com\/es\/wp-json\/wp\/v2\/types\/post"}],"author":[{"embeddable":true,"href":"https:\/\/suasesport.com\/es\/wp-json\/wp\/v2\/users\/1"}],"replies":[{"embeddable":true,"href":"https:\/\/suasesport.com\/es\/wp-json\/wp\/v2\/comments?post=6884"}],"version-history":[{"count":6,"href":"https:\/\/suasesport.com\/es\/wp-json\/wp\/v2\/posts\/6884\/revisions"}],"predecessor-version":[{"id":6903,"href":"https:\/\/suasesport.com\/es\/wp-json\/wp\/v2\/posts\/6884\/revisions\/6903"}],"wp:featuredmedia":[{"embeddable":true,"href":"https:\/\/suasesport.com\/es\/wp-json\/wp\/v2\/media\/6886"}],"wp:attachment":[{"href":"https:\/\/suasesport.com\/es\/wp-json\/wp\/v2\/media?parent=6884"}],"wp:term":[{"taxonomy":"category","embeddable":true,"href":"https:\/\/suasesport.com\/es\/wp-json\/wp\/v2\/categories?post=6884"},{"taxonomy":"post_tag","embeddable":true,"href":"https:\/\/suasesport.com\/es\/wp-json\/wp\/v2\/tags?post=6884"}],"curies":[{"name":"wp","href":"https:\/\/api.w.org\/{rel}","templated":true}]}}