{"id":5493,"date":"2022-11-08T18:40:07","date_gmt":"2022-11-08T18:40:07","guid":{"rendered":"https:\/\/suasesport.com\/?p=5493"},"modified":"2022-11-08T20:43:47","modified_gmt":"2022-11-08T20:43:47","slug":"el-dianense-mikelo-signes-es-oro-y-plata-en-el-campeonato-de-espana-de-whusu-y-estara-en-el-europeo","status":"publish","type":"post","link":"https:\/\/suasesport.com\/es\/el-dianense-mikelo-signes-es-oro-y-plata-en-el-campeonato-de-espana-de-whusu-y-estara-en-el-europeo\/","title":{"rendered":"El dianense Mikelo Signes es oro y plata en el Campeonato de Espa\u00f1a de Wushu y estar\u00e1\u00a0en el Europeo\u00a0"},"content":{"rendered":"\n<p>Dice el refr\u00e1n que las \u201csegundas partes nunca fueron buenas\u201d, pues en este caso, buenas no han sido, han sido buen\u00edsimas. Y es que el dianense Mikelo Signes ha vuelvo a la alta competici\u00f3n tras nueve a\u00f1os de par\u00f3n y lo ha hecho a lo grande, ganando una medalla de oro y una de plata. Las dos preseas las ha conseguido en el Campeonato de Espa\u00f1a de Wushu en la modalidad de Che Tai Chi Chuan mano vac\u00eda y espadas dobles. Con estos resultados el dianense se ha asegurado estar en el Campeonato de Europa de Wushu para competir en esa modalidad.&nbsp;<\/p>\n\n\n\n<p>El nacional se disputaba en el polideportivo Mendillori en Pamplona el pasado s\u00e1bado. Tras el desfile de los participantes daba inicio la competici\u00f3n en la sesi\u00f3n matinal. La primera prueba que realiz\u00f3 Mikelo fue la de mano vac\u00eda, en la que el dianense lograba una puntuaci\u00f3n de 8,75 puntos, la m\u00e1xima nota que otorgaba el jurado y por lo tanto ganaba la medalla de oro. La competici\u00f3n de espadas dobles fue por la tarde, en la que el dianense consegu\u00eda la segunda mejor nota (9,30) y  por lo tanto la plata.&nbsp;<\/p>\n\n\n\n<p>Mikelo Signes form\u00f3 parte de la selecci\u00f3n auton\u00f3mica valenciana. El combinado de la Comunitat ha conseguido un total de 47 medallas: 23 de oro, 13 de plata y 11 de bronce.&nbsp;El maestro Rafael Juli\u00e1n, encargado de la selecci\u00f3n valenciana y m\u00e1ximo responsable de whusu nacional tradicional, felicitaba a todo el equipo por los magn\u00edficos resultados. <\/p>\n\n\n\n\n\n<p><\/p>\n\n\n\n<figure class=\"wp-block-gallery has-nested-images columns-default is-cropped wp-block-gallery-2 is-layout-flex wp-block-gallery-is-layout-flex\">\n<figure class=\"wp-block-image size-large\"><img loading=\"lazy\" decoding=\"async\" width=\"1024\" height=\"705\" data-id=\"5497\" src=\"https:\/\/suasesport.com\/wp-content\/uploads\/2022\/11\/taichi2-1024x705.jpg\" alt=\"\" class=\"wp-image-5497\" srcset=\"https:\/\/suasesport.com\/wp-content\/uploads\/2022\/11\/taichi2-1024x705.jpg 1024w, https:\/\/suasesport.com\/wp-content\/uploads\/2022\/11\/taichi2-300x207.jpg 300w, https:\/\/suasesport.com\/wp-content\/uploads\/2022\/11\/taichi2-768x529.jpg 768w, https:\/\/suasesport.com\/wp-content\/uploads\/2022\/11\/taichi2-1536x1057.jpg 1536w, https:\/\/suasesport.com\/wp-content\/uploads\/2022\/11\/taichi2-1080x743.jpg 1080w, https:\/\/suasesport.com\/wp-content\/uploads\/2022\/11\/taichi2.jpg 1566w\" sizes=\"auto, (max-width: 1024px) 100vw, 1024px\" \/><\/figure>\n<\/figure>\n\n\n\n<p><\/p>\n\n\n\n<p><\/p>\n\n\n\n<figure class=\"wp-block-gallery has-nested-images columns-default is-cropped wp-block-gallery-3 is-layout-flex wp-block-gallery-is-layout-flex\">\n<figure class=\"wp-block-image size-large\"><img loading=\"lazy\" decoding=\"async\" width=\"1024\" height=\"605\" data-id=\"5530\" src=\"https:\/\/suasesport.com\/wp-content\/uploads\/2022\/11\/Screenshot_20221108-212553_Chrome-1024x605.jpg\" alt=\"\" class=\"wp-image-5530\" srcset=\"https:\/\/suasesport.com\/wp-content\/uploads\/2022\/11\/Screenshot_20221108-212553_Chrome-1024x605.jpg 1024w, https:\/\/suasesport.com\/wp-content\/uploads\/2022\/11\/Screenshot_20221108-212553_Chrome-300x177.jpg 300w, https:\/\/suasesport.com\/wp-content\/uploads\/2022\/11\/Screenshot_20221108-212553_Chrome-768x454.jpg 768w, https:\/\/suasesport.com\/wp-content\/uploads\/2022\/11\/Screenshot_20221108-212553_Chrome-1536x908.jpg 1536w, https:\/\/suasesport.com\/wp-content\/uploads\/2022\/11\/Screenshot_20221108-212553_Chrome-1080x638.jpg 1080w, https:\/\/suasesport.com\/wp-content\/uploads\/2022\/11\/Screenshot_20221108-212553_Chrome.jpg 1812w\" sizes=\"auto, (max-width: 1024px) 100vw, 1024px\" \/><\/figure>\n<\/figure>\n\n\n\n<p><\/p>\n\n\n\n<p><\/p>\n\n\n\n<figure class=\"wp-block-gallery has-nested-images columns-default is-cropped wp-block-gallery-4 is-layout-flex wp-block-gallery-is-layout-flex\">\n<figure class=\"wp-block-image size-large\"><img loading=\"lazy\" decoding=\"async\" width=\"1024\" height=\"631\" data-id=\"5528\" src=\"https:\/\/suasesport.com\/wp-content\/uploads\/2022\/11\/Screenshot_20221108-212652_Chrome-1024x631.jpg\" alt=\"\" class=\"wp-image-5528\" srcset=\"https:\/\/suasesport.com\/wp-content\/uploads\/2022\/11\/Screenshot_20221108-212652_Chrome-1024x631.jpg 1024w, https:\/\/suasesport.com\/wp-content\/uploads\/2022\/11\/Screenshot_20221108-212652_Chrome-300x185.jpg 300w, https:\/\/suasesport.com\/wp-content\/uploads\/2022\/11\/Screenshot_20221108-212652_Chrome-768x474.jpg 768w, https:\/\/suasesport.com\/wp-content\/uploads\/2022\/11\/Screenshot_20221108-212652_Chrome-1536x947.jpg 1536w, https:\/\/suasesport.com\/wp-content\/uploads\/2022\/11\/Screenshot_20221108-212652_Chrome-1080x666.jpg 1080w, https:\/\/suasesport.com\/wp-content\/uploads\/2022\/11\/Screenshot_20221108-212652_Chrome.jpg 1714w\" sizes=\"auto, (max-width: 1024px) 100vw, 1024px\" \/><\/figure>\n<\/figure>\n","protected":false},"excerpt":{"rendered":"<p>Dice el refr\u00e1n que las \u201csegundas partes nunca fueron buenas\u201d, pues en este caso, buenas no han sido, han sido buen\u00edsimas. Y es que el dianense Mikelo Signes ha vuelvo a la alta competici\u00f3n tras nueve a\u00f1os de par\u00f3n y lo ha hecho a lo grande, ganando una medalla de oro y una de plata.&hellip; <a class=\"more-link\" href=\"https:\/\/suasesport.com\/es\/el-dianense-mikelo-signes-es-oro-y-plata-en-el-campeonato-de-espana-de-whusu-y-estara-en-el-europeo\/\">Seguir leyendo <span class=\"screen-reader-text\">El dianense Mikelo Signes es oro y plata en el Campeonato de Espa\u00f1a de Wushu y estar\u00e1\u00a0en el Europeo\u00a0<\/span><\/a><\/p>\n","protected":false},"author":1,"featured_media":5495,"comment_status":"open","ping_status":"open","sticky":false,"template":"","format":"standard","meta":{"footnotes":""},"categories":[9],"tags":[],"class_list":["post-5493","post","type-post","status-publish","format-standard","has-post-thumbnail","hentry","category-mas-deporte","entry"],"_links":{"self":[{"href":"https:\/\/suasesport.com\/es\/wp-json\/wp\/v2\/posts\/5493","targetHints":{"allow":["GET"]}}],"collection":[{"href":"https:\/\/suasesport.com\/es\/wp-json\/wp\/v2\/posts"}],"about":[{"href":"https:\/\/suasesport.com\/es\/wp-json\/wp\/v2\/types\/post"}],"author":[{"embeddable":true,"href":"https:\/\/suasesport.com\/es\/wp-json\/wp\/v2\/users\/1"}],"replies":[{"embeddable":true,"href":"https:\/\/suasesport.com\/es\/wp-json\/wp\/v2\/comments?post=5493"}],"version-history":[{"count":9,"href":"https:\/\/suasesport.com\/es\/wp-json\/wp\/v2\/posts\/5493\/revisions"}],"predecessor-version":[{"id":5533,"href":"https:\/\/suasesport.com\/es\/wp-json\/wp\/v2\/posts\/5493\/revisions\/5533"}],"wp:featuredmedia":[{"embeddable":true,"href":"https:\/\/suasesport.com\/es\/wp-json\/wp\/v2\/media\/5495"}],"wp:attachment":[{"href":"https:\/\/suasesport.com\/es\/wp-json\/wp\/v2\/media?parent=5493"}],"wp:term":[{"taxonomy":"category","embeddable":true,"href":"https:\/\/suasesport.com\/es\/wp-json\/wp\/v2\/categories?post=5493"},{"taxonomy":"post_tag","embeddable":true,"href":"https:\/\/suasesport.com\/es\/wp-json\/wp\/v2\/tags?post=5493"}],"curies":[{"name":"wp","href":"https:\/\/api.w.org\/{rel}","templated":true}]}}