{"id":5451,"date":"2022-11-08T01:52:30","date_gmt":"2022-11-08T01:52:30","guid":{"rendered":"https:\/\/suasesport.com\/?p=5451"},"modified":"2022-11-08T10:08:53","modified_gmt":"2022-11-08T10:08:53","slug":"el-acto-central-del-centenario-del-pego-cf-sera-el-20-de-noviembre-y-la-conmemoracion-finalizara-en-junio","status":"publish","type":"post","link":"https:\/\/suasesport.com\/es\/el-acto-central-del-centenario-del-pego-cf-sera-el-20-de-noviembre-y-la-conmemoracion-finalizara-en-junio\/","title":{"rendered":"El acto central del Centenario del Pego CF ser\u00e1 el 20 de noviembre y la conmemoraci\u00f3n finalizar\u00e1 en junio\u00a0"},"content":{"rendered":"\n<p>Cien a\u00f1os de historia, cien a\u00f1os de f\u00fatbol y cien a\u00f1os de un sentimiento. El Pego CF los cumple en 2023 y lo celebrar\u00e1 con numerosos actos que se realizaran durante los pr\u00f3ximos ocho meses. Las celebraciones del Centenario tendr\u00e1n su acto principal el pr\u00f3ximo 20 de noviembre con la&nbsp; presentaci\u00f3n del libro y el documental que recogen esos 100 a\u00f1os de historia. Un acto en el que se rendir\u00e1 homenaje a sus presidentes -los que est\u00e1n vivos-, as\u00ed como se desvelar\u00e1 el nombre de los que han sido el mejor entrenador y el mejor jugador de la historia del club, elegidos por la Comisi\u00f3n del Centenario. Un acto en el que tambi\u00e9n el grupo musical Smoking Souls estrenar\u00e1 la versi\u00f3n remasterizada del himno original que grab\u00f3 Michel en el a\u00f1o 1988. El Teatre Municipal de Pego es el escenario elegido para realizar este evento que comenzar\u00e1 a las 11.30 horas. Media hora antes ser\u00e1 la recepci\u00f3n y venta del libro del centenario. Una jornada que coincide con el derbi de La Marjal, entre Pego y Oliva, dos equipos que esta temporada tienen como objetivo el ascenso a Preferente.&nbsp;<\/p>\n\n\n\n<p>En mayo, los actos continuar\u00e1n con un ciclo de conferencias que contar\u00e1 con profesionales del f\u00fatbol, un \u00e1rbitro, un entrenador y un jugador. As\u00ed como un partido entre los veteranos del club y uno de renombre,&nbsp; que bien podr\u00edan ser los del Valencia o del Levante. Y el Centenario se cerrar\u00e1 con la disputa de un cuadrangular en el que adem\u00e1s del conjunto roget participar\u00e1n CD D\u00e9nia, UE Oliva y CF Gandia, partido que se celebrar\u00e1 durante las fiestas patronales de junio y que pondr\u00e1 el punto y final al Centenario.<\/p>\n\n\n\n<p>LA PRESENTACI\u00d3N <\/p>\n\n\n\n<p>Los actos conmemorativos del Centenario del Pego CF han sido presentados en la Casa de Cultura en una rueda de prensa que han ofrecido el archivero municipal y autor del libro, Joan Miquel Almela; el concejal de Deportes, Ra\u00fcl Tamarit; el presidente del club, Juanfran Frau; y el autor del logotipo del centenario, Germ\u00e0 Miralles.<\/p>\n\n\n\n<p>Almela ha explicado que no se sabe con certeza cu\u00e1l es el a\u00f1o de fundaci\u00f3n del Pego porque \u00abno se ha encontrado el acta de constituci\u00f3n, ni el club ni la federaci\u00f3n tienen archivos que indiquen cuando se fund\u00f3. No existe un acta de constituci\u00f3n aunque hay referencias que apuntan que posiblemente ya se jugaba al f\u00fatbol un par de a\u00f1os antes\u00bb. Lo que s\u00ed que hay es una fotograf\u00eda de junio de 1923,&nbsp; que recoge el saque de honor de un partido y en la que hay una anotaci\u00f3n que dice \u201cprimer schut por el alcalde Sr. \u00c1ngel Sendra Ortol\u00e1\u201d.&nbsp;<\/p>\n\n\n\n<p>El archivero municipal ha reconocido que lleva varios a\u00f1os trabajando para \u201cdesempolvar\u201d la historia del club. A\u00f1os en los que se ha tenido que buscar documentos y fotograf\u00edas para recabar informaci\u00f3n y as\u00ed conocer con exactitud cuando se fund\u00f3 el Pego. Un club que a lo largo de estos cien a\u00f1os ha tenido varias denominaciones hasta que la temporada 1958-1959 pasara a tener el nombre actual, Pego CF tras conseguir el ascenso a Tercera Divisi\u00f3n. Durante estos cien a\u00f1os ha habido algunos en los que el equipo no ha competido por varios motivos. Uno de ellos es porque se qued\u00f3 sin campo para poder jugar en 1928; tampoco compiti\u00f3 durante la guerra civil; y la \u00faltima vez que no lo hizo  \u00abfue en la campa\u00f1a 1962-1963 porque el club estaba en bancarrota total\u00bb.&nbsp;<\/p>\n\n\n\n<p>\u00abEl Pego CF es el club de la Marina Alta que m\u00e1s temporadas ha militado en Tercera Divisi\u00f3n. Y el segundo de la comarca en inscribirse en la Federaci\u00f3n de F\u00fatbol de la Comunitat Valenciana, un mes despu\u00e9s de que lo hiciera el CD D\u00e9nia\u00bb, ha afirmado Almela.<\/p>\n\n\n\n<p>El concejal de Deportes, Ra\u00fcl Tamarit, que tambi\u00e9n forma parte de esa historia del club, porque ha sido jugador y entrenador de la escuela, ha se\u00f1alado que \u201ces un orgullo celebrar este centenario de uno de los clubes m\u00e1s antiguos de la comarca, de la Comunitat e incluso de Espa\u00f1a\u201d. Y ha destacado que el Cervantes siempre se llena para ver los partidos del Pego, porque \u201cel Pego es un sentimiento\u201d.<\/p>\n\n\n\n<p>Tamarit tambi\u00e9n ha dicho que el Ayuntamiento ha destinado una partida de 6.000 euros para celebraci\u00f3n del Centenario, \u00abcantidad que ser\u00e1 la misma que se destine a otros clubes de la poblaci\u00f3n cuando celebren tambi\u00e9n su centenario, como refleja un documento que se ha firmado para que conste as\u00ed.<\/p>\n\n\n\n<p>El actual presidente del Pego, Juanfran Frau, ha afirmado que desde el club \u201cafronta este centenario con mucha ilusi\u00f3n\u201d y reconoci\u00f3 que el gran premio ser\u00eda que esta temporada consiguiera el ascenso a Preferente.&nbsp;<\/p>\n\n\n\n<p>LOGO DEL CENTENARIO Y PRIMERA EQUIPACI\u00d3N&nbsp;<\/p>\n\n\n\n<p>El logotipo del Centenario es obra de Germ\u00e0 Miralles, en el que destaca el color rojo y azul y en el que se ha cambiado las \u00e1guilas por el pavo real y lleva la leyenda Cent anys 1923-2023 y el \u201cAle rogets\u201d. Un logo que ha sido elegido por los aficionados por votaci\u00f3n tras estar un mes expuesto en el Cervantes, donde fue elegido entre otras dos propuestas m\u00e1s.&nbsp;<\/p>\n\n\n\n<p>La presentaci\u00f3n de la equipaci\u00f3n del Centenario se realiz\u00f3 el pasado 15 de octubre en los proleg\u00f3menos del partido Pego-Orba. Camiseta blanquiazul con rayas verticales y pantal\u00f3n y calzas negras.&nbsp;Camiseta que tiene las rayas en vertical cuando la foto del primer equipo del a\u00f1o 1923 las rayas son horizontale. Pero hay otra foto de 1931 en el que la camiseta es blanquiazul con las rayas verticales, y esa ha sido la elegida para hacer conmemorativa.&nbsp;Una jornada en la que tambi\u00e9n la Agrupaci\u00f3n Musical de Pego interpretaba por primera vez el himno del club<\/p>\n\n\n\n<p>El Pego lucir\u00e1 la equipaci\u00f3n del Centenario a lo largo de esta temporada 2022-2023, pero no lo har\u00e1 en todos los partidos, sino que la intercalar\u00e1 con la oficial, como explic\u00f3 Frau a Suas Esport el d\u00eda de su presentaci\u00f3n.&nbsp;<\/p>\n\n\n\n<p><\/p>\n\n\n\n<figure class=\"wp-block-gallery has-nested-images columns-default is-cropped wp-block-gallery-2 is-layout-flex wp-block-gallery-is-layout-flex\">\n<figure class=\"wp-block-image size-large\"><img loading=\"lazy\" decoding=\"async\" width=\"1024\" height=\"921\" data-id=\"5464\" src=\"https:\/\/suasesport.com\/wp-content\/uploads\/2022\/11\/ULTIM-LOGO-CENTENARI-PEGO-CF-BLANC-1024x921.jpg\" alt=\"\" class=\"wp-image-5464\" srcset=\"https:\/\/suasesport.com\/wp-content\/uploads\/2022\/11\/ULTIM-LOGO-CENTENARI-PEGO-CF-BLANC-1024x921.jpg 1024w, https:\/\/suasesport.com\/wp-content\/uploads\/2022\/11\/ULTIM-LOGO-CENTENARI-PEGO-CF-BLANC-300x270.jpg 300w, https:\/\/suasesport.com\/wp-content\/uploads\/2022\/11\/ULTIM-LOGO-CENTENARI-PEGO-CF-BLANC-768x691.jpg 768w, https:\/\/suasesport.com\/wp-content\/uploads\/2022\/11\/ULTIM-LOGO-CENTENARI-PEGO-CF-BLANC-1536x1382.jpg 1536w, https:\/\/suasesport.com\/wp-content\/uploads\/2022\/11\/ULTIM-LOGO-CENTENARI-PEGO-CF-BLANC-2048x1842.jpg 2048w, https:\/\/suasesport.com\/wp-content\/uploads\/2022\/11\/ULTIM-LOGO-CENTENARI-PEGO-CF-BLANC-1080x972.jpg 1080w\" sizes=\"auto, (max-width: 1024px) 100vw, 1024px\" \/><\/figure>\n\n\n\n<figure class=\"wp-block-image size-large\"><img loading=\"lazy\" decoding=\"async\" width=\"768\" height=\"1024\" data-id=\"5458\" src=\"https:\/\/suasesport.com\/wp-content\/uploads\/2022\/11\/equipatge-original-1931-768x1024.jpg\" alt=\"\" class=\"wp-image-5458\" srcset=\"https:\/\/suasesport.com\/wp-content\/uploads\/2022\/11\/equipatge-original-1931-768x1024.jpg 768w, https:\/\/suasesport.com\/wp-content\/uploads\/2022\/11\/equipatge-original-1931-225x300.jpg 225w, https:\/\/suasesport.com\/wp-content\/uploads\/2022\/11\/equipatge-original-1931-1152x1536.jpg 1152w, https:\/\/suasesport.com\/wp-content\/uploads\/2022\/11\/equipatge-original-1931-1080x1440.jpg 1080w, https:\/\/suasesport.com\/wp-content\/uploads\/2022\/11\/equipatge-original-1931.jpg 1536w\" sizes=\"auto, (max-width: 768px) 100vw, 768px\" \/><\/figure>\n<\/figure>\n\n\n\n\n\n<p><\/p>\n\n\n\n<p><\/p>\n\n\n\n<figure class=\"wp-block-gallery has-nested-images columns-default is-cropped wp-block-gallery-3 is-layout-flex wp-block-gallery-is-layout-flex\">\n<figure class=\"wp-block-image size-large\"><img loading=\"lazy\" decoding=\"async\" width=\"1024\" height=\"692\" data-id=\"5456\" src=\"https:\/\/suasesport.com\/wp-content\/uploads\/2022\/11\/1923-1024x692.jpg\" alt=\"\" class=\"wp-image-5456\" srcset=\"https:\/\/suasesport.com\/wp-content\/uploads\/2022\/11\/1923-1024x692.jpg 1024w, https:\/\/suasesport.com\/wp-content\/uploads\/2022\/11\/1923-300x203.jpg 300w, https:\/\/suasesport.com\/wp-content\/uploads\/2022\/11\/1923-768x519.jpg 768w, https:\/\/suasesport.com\/wp-content\/uploads\/2022\/11\/1923-1536x1038.jpg 1536w, https:\/\/suasesport.com\/wp-content\/uploads\/2022\/11\/1923-2048x1384.jpg 2048w, https:\/\/suasesport.com\/wp-content\/uploads\/2022\/11\/1923-1080x730.jpg 1080w\" sizes=\"auto, (max-width: 1024px) 100vw, 1024px\" \/><\/figure>\n<\/figure>\n\n\n\n<p><\/p>\n\n\n\n<p><\/p>\n\n\n\n<figure class=\"wp-block-gallery has-nested-images columns-default is-cropped wp-block-gallery-4 is-layout-flex wp-block-gallery-is-layout-flex\">\n<figure class=\"wp-block-image size-large\"><img loading=\"lazy\" decoding=\"async\" width=\"1024\" height=\"665\" data-id=\"5454\" src=\"https:\/\/suasesport.com\/wp-content\/uploads\/2022\/11\/primer-equip-en-1923-1024x665.jpg\" alt=\"\" class=\"wp-image-5454\" srcset=\"https:\/\/suasesport.com\/wp-content\/uploads\/2022\/11\/primer-equip-en-1923-1024x665.jpg 1024w, https:\/\/suasesport.com\/wp-content\/uploads\/2022\/11\/primer-equip-en-1923-300x195.jpg 300w, https:\/\/suasesport.com\/wp-content\/uploads\/2022\/11\/primer-equip-en-1923-768x499.jpg 768w, https:\/\/suasesport.com\/wp-content\/uploads\/2022\/11\/primer-equip-en-1923-1536x998.jpg 1536w, https:\/\/suasesport.com\/wp-content\/uploads\/2022\/11\/primer-equip-en-1923-2048x1330.jpg 2048w, https:\/\/suasesport.com\/wp-content\/uploads\/2022\/11\/primer-equip-en-1923-1080x702.jpg 1080w\" sizes=\"auto, (max-width: 1024px) 100vw, 1024px\" \/><\/figure>\n<\/figure>\n\n\n\n<p><\/p>\n\n\n\n<p><\/p>\n\n\n\n<figure class=\"wp-block-gallery has-nested-images columns-default is-cropped wp-block-gallery-5 is-layout-flex wp-block-gallery-is-layout-flex\">\n<figure class=\"wp-block-image size-large\"><img loading=\"lazy\" decoding=\"async\" width=\"1024\" height=\"683\" data-id=\"5462\" src=\"https:\/\/suasesport.com\/wp-content\/uploads\/2022\/11\/Ascens-a-tercera-1958-59-1024x683.jpg\" alt=\"\" class=\"wp-image-5462\" srcset=\"https:\/\/suasesport.com\/wp-content\/uploads\/2022\/11\/Ascens-a-tercera-1958-59-1024x683.jpg 1024w, https:\/\/suasesport.com\/wp-content\/uploads\/2022\/11\/Ascens-a-tercera-1958-59-300x200.jpg 300w, https:\/\/suasesport.com\/wp-content\/uploads\/2022\/11\/Ascens-a-tercera-1958-59-768x512.jpg 768w, https:\/\/suasesport.com\/wp-content\/uploads\/2022\/11\/Ascens-a-tercera-1958-59-1536x1024.jpg 1536w, https:\/\/suasesport.com\/wp-content\/uploads\/2022\/11\/Ascens-a-tercera-1958-59-1080x720.jpg 1080w, https:\/\/suasesport.com\/wp-content\/uploads\/2022\/11\/Ascens-a-tercera-1958-59.jpg 2029w\" sizes=\"auto, (max-width: 1024px) 100vw, 1024px\" \/><\/figure>\n<\/figure>\n\n\n\n<p><\/p>\n\n\n\n<p><\/p>\n\n\n\n<figure class=\"wp-block-gallery has-nested-images columns-default is-cropped wp-block-gallery-6 is-layout-flex wp-block-gallery-is-layout-flex\">\n<figure class=\"wp-block-image size-large\"><img loading=\"lazy\" decoding=\"async\" width=\"1024\" height=\"702\" data-id=\"5468\" src=\"https:\/\/suasesport.com\/wp-content\/uploads\/2022\/11\/Ascens-a-tercera-1987-88-1024x702.jpg\" alt=\"\" class=\"wp-image-5468\" srcset=\"https:\/\/suasesport.com\/wp-content\/uploads\/2022\/11\/Ascens-a-tercera-1987-88-1024x702.jpg 1024w, https:\/\/suasesport.com\/wp-content\/uploads\/2022\/11\/Ascens-a-tercera-1987-88-300x206.jpg 300w, https:\/\/suasesport.com\/wp-content\/uploads\/2022\/11\/Ascens-a-tercera-1987-88-768x527.jpg 768w, https:\/\/suasesport.com\/wp-content\/uploads\/2022\/11\/Ascens-a-tercera-1987-88-1536x1053.jpg 1536w, https:\/\/suasesport.com\/wp-content\/uploads\/2022\/11\/Ascens-a-tercera-1987-88-2048x1404.jpg 2048w, https:\/\/suasesport.com\/wp-content\/uploads\/2022\/11\/Ascens-a-tercera-1987-88-1080x741.jpg 1080w\" sizes=\"auto, (max-width: 1024px) 100vw, 1024px\" \/><\/figure>\n\n\n\n<figure class=\"wp-block-image size-large\"><img loading=\"lazy\" decoding=\"async\" width=\"1024\" height=\"573\" data-id=\"5466\" src=\"https:\/\/suasesport.com\/wp-content\/uploads\/2022\/11\/Ascens-a-tercera-1995-96-1024x573.jpg\" alt=\"\" class=\"wp-image-5466\" srcset=\"https:\/\/suasesport.com\/wp-content\/uploads\/2022\/11\/Ascens-a-tercera-1995-96-1024x573.jpg 1024w, https:\/\/suasesport.com\/wp-content\/uploads\/2022\/11\/Ascens-a-tercera-1995-96-300x168.jpg 300w, https:\/\/suasesport.com\/wp-content\/uploads\/2022\/11\/Ascens-a-tercera-1995-96-768x429.jpg 768w, https:\/\/suasesport.com\/wp-content\/uploads\/2022\/11\/Ascens-a-tercera-1995-96-1536x859.jpg 1536w, https:\/\/suasesport.com\/wp-content\/uploads\/2022\/11\/Ascens-a-tercera-1995-96-2048x1145.jpg 2048w, https:\/\/suasesport.com\/wp-content\/uploads\/2022\/11\/Ascens-a-tercera-1995-96-1080x604.jpg 1080w\" sizes=\"auto, (max-width: 1024px) 100vw, 1024px\" \/><\/figure>\n<\/figure>\n","protected":false},"excerpt":{"rendered":"<p>Cien a\u00f1os de historia, cien a\u00f1os de f\u00fatbol y cien a\u00f1os de un sentimiento. El Pego CF los cumple en 2023 y lo celebrar\u00e1 con numerosos actos que se realizaran durante los pr\u00f3ximos ocho meses. Las celebraciones del Centenario tendr\u00e1n su acto principal el pr\u00f3ximo 20 de noviembre con la&nbsp; presentaci\u00f3n del libro y el&hellip; <a class=\"more-link\" href=\"https:\/\/suasesport.com\/es\/el-acto-central-del-centenario-del-pego-cf-sera-el-20-de-noviembre-y-la-conmemoracion-finalizara-en-junio\/\">Seguir leyendo <span class=\"screen-reader-text\">El acto central del Centenario del Pego CF ser\u00e1 el 20 de noviembre y la conmemoraci\u00f3n finalizar\u00e1 en junio\u00a0<\/span><\/a><\/p>\n","protected":false},"author":1,"featured_media":5460,"comment_status":"open","ping_status":"open","sticky":false,"template":"","format":"standard","meta":{"footnotes":""},"categories":[6],"tags":[],"class_list":["post-5451","post","type-post","status-publish","format-standard","has-post-thumbnail","hentry","category-futbol","entry"],"_links":{"self":[{"href":"https:\/\/suasesport.com\/es\/wp-json\/wp\/v2\/posts\/5451","targetHints":{"allow":["GET"]}}],"collection":[{"href":"https:\/\/suasesport.com\/es\/wp-json\/wp\/v2\/posts"}],"about":[{"href":"https:\/\/suasesport.com\/es\/wp-json\/wp\/v2\/types\/post"}],"author":[{"embeddable":true,"href":"https:\/\/suasesport.com\/es\/wp-json\/wp\/v2\/users\/1"}],"replies":[{"embeddable":true,"href":"https:\/\/suasesport.com\/es\/wp-json\/wp\/v2\/comments?post=5451"}],"version-history":[{"count":8,"href":"https:\/\/suasesport.com\/es\/wp-json\/wp\/v2\/posts\/5451\/revisions"}],"predecessor-version":[{"id":5480,"href":"https:\/\/suasesport.com\/es\/wp-json\/wp\/v2\/posts\/5451\/revisions\/5480"}],"wp:featuredmedia":[{"embeddable":true,"href":"https:\/\/suasesport.com\/es\/wp-json\/wp\/v2\/media\/5460"}],"wp:attachment":[{"href":"https:\/\/suasesport.com\/es\/wp-json\/wp\/v2\/media?parent=5451"}],"wp:term":[{"taxonomy":"category","embeddable":true,"href":"https:\/\/suasesport.com\/es\/wp-json\/wp\/v2\/categories?post=5451"},{"taxonomy":"post_tag","embeddable":true,"href":"https:\/\/suasesport.com\/es\/wp-json\/wp\/v2\/tags?post=5451"}],"curies":[{"name":"wp","href":"https:\/\/api.w.org\/{rel}","templated":true}]}}