{"id":4308,"date":"2022-10-21T12:03:39","date_gmt":"2022-10-21T12:03:39","guid":{"rendered":"https:\/\/suasesport.com\/?p=4308"},"modified":"2022-10-21T12:03:41","modified_gmt":"2022-10-21T12:03:41","slug":"el-torneo-benefico-asociacion-cerebrum-se-disputa-este-fin-de-semana","status":"publish","type":"post","link":"https:\/\/suasesport.com\/es\/el-torneo-benefico-asociacion-cerebrum-se-disputa-este-fin-de-semana\/","title":{"rendered":"El Torneo Ben\u00e9fico Asociaci\u00f3n Cerebrum se disputa este fin de semana"},"content":{"rendered":"\n<p>Las pistas del Club de Tenis D\u00e9nia son el escenario de la segunda edici\u00f3n del Torneo de P\u00e1del Ben\u00e9fico Asociaci\u00f3n Cerebrum, que se disputa este fin de semana. En un principio estaba previsto que se celebrara el fin de semana del 7 al 9 octubre pero fue aplazado por la previsi\u00f3n de lluvia. El campeonato empieza hoy viernes y finaliza el domingo con la disputa de las finales (19 h.) y la entrega de los trofeos (20.30 h.).&nbsp;<\/p>\n\n\n\n<p>Sesenta parejas, divididas en cuatro categor\u00edas, son las que participaran en esta competici\u00f3n. Las categor\u00edas son: dos masculinas, una femenina y una mixta.&nbsp;<\/p>\n\n\n\n<p>El torneo, que est\u00e1 organizado por Riki Garc\u00eda, Edu Romany, Dani Mar\u00edn y Nico Bert\u00f3, sirve para recaudar fondos para la Asociaci\u00f3n Cerebrum. Un campeonato en el que adem\u00e1s de jugar al p\u00e1del se realizan diversas actividades a largo del fin de semana y que est\u00e1n abiertas al p\u00fablico. Entre ellas, una sesi\u00f3n de yoga a cargo de Yoga Jungle; dos charlas, una impartida por Dani Mar\u00edn, fisioterapeuta especialista en neurolog\u00eda, y otra impartida por Patricia, neuropsic\u00f3loga; animaciones para ni\u00f1os y ni\u00f1as a cargo de Ana Mo\u00f1ino; un concierto a cargo de Bassduo, formado por Anges y Dani; y un disc-jockey (Dj). <\/p>\n\n\n\n<p><\/p>\n\n\n","protected":false},"excerpt":{"rendered":"<p>Las pistas del Club de Tenis D\u00e9nia son el escenario de la segunda edici\u00f3n del Torneo de P\u00e1del Ben\u00e9fico Asociaci\u00f3n Cerebrum, que se disputa este fin de semana. En un principio estaba previsto que se celebrara el fin de semana del 7 al 9 octubre pero fue aplazado por la previsi\u00f3n de lluvia. El campeonato&hellip; <a class=\"more-link\" href=\"https:\/\/suasesport.com\/es\/el-torneo-benefico-asociacion-cerebrum-se-disputa-este-fin-de-semana\/\">Seguir leyendo <span class=\"screen-reader-text\">El Torneo Ben\u00e9fico Asociaci\u00f3n Cerebrum se disputa este fin de semana<\/span><\/a><\/p>\n","protected":false},"author":1,"featured_media":4310,"comment_status":"open","ping_status":"open","sticky":false,"template":"","format":"standard","meta":{"footnotes":""},"categories":[9,185],"tags":[],"class_list":["post-4308","post","type-post","status-publish","format-standard","has-post-thumbnail","hentry","category-mas-deporte","category-padel","entry"],"_links":{"self":[{"href":"https:\/\/suasesport.com\/es\/wp-json\/wp\/v2\/posts\/4308","targetHints":{"allow":["GET"]}}],"collection":[{"href":"https:\/\/suasesport.com\/es\/wp-json\/wp\/v2\/posts"}],"about":[{"href":"https:\/\/suasesport.com\/es\/wp-json\/wp\/v2\/types\/post"}],"author":[{"embeddable":true,"href":"https:\/\/suasesport.com\/es\/wp-json\/wp\/v2\/users\/1"}],"replies":[{"embeddable":true,"href":"https:\/\/suasesport.com\/es\/wp-json\/wp\/v2\/comments?post=4308"}],"version-history":[{"count":4,"href":"https:\/\/suasesport.com\/es\/wp-json\/wp\/v2\/posts\/4308\/revisions"}],"predecessor-version":[{"id":4316,"href":"https:\/\/suasesport.com\/es\/wp-json\/wp\/v2\/posts\/4308\/revisions\/4316"}],"wp:featuredmedia":[{"embeddable":true,"href":"https:\/\/suasesport.com\/es\/wp-json\/wp\/v2\/media\/4310"}],"wp:attachment":[{"href":"https:\/\/suasesport.com\/es\/wp-json\/wp\/v2\/media?parent=4308"}],"wp:term":[{"taxonomy":"category","embeddable":true,"href":"https:\/\/suasesport.com\/es\/wp-json\/wp\/v2\/categories?post=4308"},{"taxonomy":"post_tag","embeddable":true,"href":"https:\/\/suasesport.com\/es\/wp-json\/wp\/v2\/tags?post=4308"}],"curies":[{"name":"wp","href":"https:\/\/api.w.org\/{rel}","templated":true}]}}