{"id":28388,"date":"2024-06-19T09:31:10","date_gmt":"2024-06-19T08:31:10","guid":{"rendered":"https:\/\/suasesport.com\/?p=28388"},"modified":"2024-06-19T09:31:12","modified_gmt":"2024-06-19T08:31:12","slug":"pepe-pastor-mas-conocido-como-carpi-se-presentara-a-las-elecciones-del-cd-denia","status":"publish","type":"post","link":"https:\/\/suasesport.com\/es\/pepe-pastor-mas-conocido-como-carpi-se-presentara-a-las-elecciones-del-cd-denia\/","title":{"rendered":"Pepe Pastor m\u00e1s conocido como Carpi se presentar\u00e1 a las elecciones del CD D\u00e9nia\u00a0"},"content":{"rendered":"\n<p>Pepe Pastor m\u00e1s conocido en el mundo del f\u00fatbol como Carpi se presentar\u00e1 a las elecciones presidenciales del CD D\u00e9nia. Carpi, un hombre muy vinculado al f\u00fatbol y sobre todo al f\u00fatbol dianense, ha decidido presentarse al comprobar la preocupaci\u00f3n que tienen un gran n\u00famero de socios por el futuro del club. El candidato a la presidencia del CD D\u00e9nia est\u00e1 ultimando qu\u00e9 personas ir\u00e1n finalmente en su candidatura. Su idea es poder presentar a los miembros que integrar\u00e1n su junta directiva la pr\u00f3xima semana en un acto p\u00fablico.<\/p>\n\n\n\n<p>La actual directiva del CD D\u00e9nia, que preside Juan Benavente, a\u00fan no ha convocado elecciones a la presidencia, algo que deber\u00e1 hacer antes de que se inicie la temporada 2024-2025, ya que su mandato finaliza este mes de junio. Hasta el momento no las ha convocado ni tampoco la asamblea general ordinaria de esta temporada 2023-2024. &nbsp;<\/p>\n","protected":false},"excerpt":{"rendered":"<p>Pepe Pastor m\u00e1s conocido en el mundo del f\u00fatbol como Carpi se presentar\u00e1 a las elecciones presidenciales del CD D\u00e9nia. Carpi, un hombre muy vinculado al f\u00fatbol y sobre todo al f\u00fatbol dianense, ha decidido presentarse al comprobar la preocupaci\u00f3n que tienen un gran n\u00famero de socios por el futuro del club. El candidato a&hellip; <a class=\"more-link\" href=\"https:\/\/suasesport.com\/es\/pepe-pastor-mas-conocido-como-carpi-se-presentara-a-las-elecciones-del-cd-denia\/\">Seguir leyendo <span class=\"screen-reader-text\">Pepe Pastor m\u00e1s conocido como Carpi se presentar\u00e1 a las elecciones del CD D\u00e9nia\u00a0<\/span><\/a><\/p>\n","protected":false},"author":1,"featured_media":28392,"comment_status":"open","ping_status":"open","sticky":false,"template":"","format":"standard","meta":{"footnotes":""},"categories":[6],"tags":[],"class_list":["post-28388","post","type-post","status-publish","format-standard","has-post-thumbnail","hentry","category-futbol","entry"],"_links":{"self":[{"href":"https:\/\/suasesport.com\/es\/wp-json\/wp\/v2\/posts\/28388","targetHints":{"allow":["GET"]}}],"collection":[{"href":"https:\/\/suasesport.com\/es\/wp-json\/wp\/v2\/posts"}],"about":[{"href":"https:\/\/suasesport.com\/es\/wp-json\/wp\/v2\/types\/post"}],"author":[{"embeddable":true,"href":"https:\/\/suasesport.com\/es\/wp-json\/wp\/v2\/users\/1"}],"replies":[{"embeddable":true,"href":"https:\/\/suasesport.com\/es\/wp-json\/wp\/v2\/comments?post=28388"}],"version-history":[{"count":3,"href":"https:\/\/suasesport.com\/es\/wp-json\/wp\/v2\/posts\/28388\/revisions"}],"predecessor-version":[{"id":28395,"href":"https:\/\/suasesport.com\/es\/wp-json\/wp\/v2\/posts\/28388\/revisions\/28395"}],"wp:featuredmedia":[{"embeddable":true,"href":"https:\/\/suasesport.com\/es\/wp-json\/wp\/v2\/media\/28392"}],"wp:attachment":[{"href":"https:\/\/suasesport.com\/es\/wp-json\/wp\/v2\/media?parent=28388"}],"wp:term":[{"taxonomy":"category","embeddable":true,"href":"https:\/\/suasesport.com\/es\/wp-json\/wp\/v2\/categories?post=28388"},{"taxonomy":"post_tag","embeddable":true,"href":"https:\/\/suasesport.com\/es\/wp-json\/wp\/v2\/tags?post=28388"}],"curies":[{"name":"wp","href":"https:\/\/api.w.org\/{rel}","templated":true}]}}