{"id":28078,"date":"2024-05-27T17:44:42","date_gmt":"2024-05-27T16:44:42","guid":{"rendered":"https:\/\/suasesport.com\/?p=28078"},"modified":"2024-05-27T18:11:46","modified_gmt":"2024-05-27T17:11:46","slug":"masymas-y-la-federacio-se-unen-para-dar-mas-impulso-a-la-pilota-con-partidas-profesionales-y-beneficas","status":"publish","type":"post","link":"https:\/\/suasesport.com\/es\/masymas-y-la-federacio-se-unen-para-dar-mas-impulso-a-la-pilota-con-partidas-profesionales-y-beneficas\/","title":{"rendered":"masymas y la Federaci\u00f3 se unen para dar m\u00e1s impulso a la pilota con partidas profesionales y ben\u00e9ficas"},"content":{"rendered":"\n<p>La pilota valenciana goza de buena salud y cada d\u00eda va a m\u00e1s, de eso no hay ninguna duda. Y para que esto ocurra es necesaria la simbiosis entre la Federaci\u00f3n y empresas privadas, en este caso entre la la Federaci\u00f3n y masymas Supermercats. Ambas entidades han firmado un convenio de colaboraci\u00f3n hasta mayo de 2025. La comuni\u00f3n es perfecta porque a ambas les unen los mismos valores y el amor por el deporte aut\u00f3ctono por excelencia. Este es el primer convenio que firman ambas entidades desde que la Federaci\u00f3n se hizo cargo de todas las competiciones, profesionales y amateurs, tras la elecci\u00f3n de Vicent Molines como presidente en noviembre de 2022. Y lo firman para que a partir de ahora masymas sea uno de los patrocinadores de la Federaci\u00f3 durante un a\u00f1o. Doce meses en los que ser\u00e1n varias las competiciones en la que masymas estar\u00e1 muy presente: dos partidas ben\u00e9ficas de escala i corda, el Trofeo Mixto masymas que se disputa en las modalidades de raspall y de escala i corda, y el patrocinio del equipo del Ayuntamiento de Pedreguer.&nbsp;Adem\u00e1s, el logotipo de la empresa estar\u00e1 presente en los diferentes trinquets en los que se jueguen las partidas profesionales.<\/p>\n\n\n\n<p>El convenio lo han firmado el director general de masymas Supermercados, Jos\u00e9  Juan Forn\u00e9s, y el presidente de la Federaci\u00f3 de Pilota, Vicent Molines, en presencia de los jugadores Giner, Tom\u00e1s II, Pere y Puchol II, esta ma\u00f1ana en las oficinas centrales que la empresa tiene en Pedreguer.\u00a0Antes de la firma se ha proyectado un v\u00eddeo en el que se ha podido ver diferentes momentos en los que masymas ha colaborado con el patrocinio de jugadores y en algunos campeonatos.<\/p>\n\n\n\n<p>Forn\u00e9s ha destacado que desde hace muchos a\u00f1os que masymas Supermercats colabora con el deporte de la pilota \u201cson muchos a\u00f1os vinculados al mundo de la pilota, un deporte tan valenciano como nuestras tiendas\u201d.&nbsp; As\u00ed como que la \u201cFederaci\u00f3 est\u00e1 viviendo una nueva etapa, porque se trata de que todo el mundo disfrute, los trinqueters, jugadores y aficionados\u201d. Ha reconocido que \u201clos valores son los mismos, trabajo en equipo, sacrificio\u2026 todo por el bien de este deporte\u201d. Ha afirmado que masymas siempre ha estado \u201cal lado del deporte y en especial de la pilota y la cultura\u201d. Y ha a\u00f1adido que el crecimiento empresarial \u201cqueremos devolverlo a la sociedad potenciando el deporte\u201d porque \u201cel deporte hace que la vida sea m\u00e1s saludable y eso est\u00e1 bien\u201d. Como aficionado que es a la pilota que \u201cel ambiente es fant\u00e1stico, hay pasi\u00f3n\u201d. As\u00ed que \u201cla pilota tiene el futuro garantizado\u201d. Por \u00faltimo ha agradecido a los que han organizado el acto porque le han hecho sentir muy bien\u201d.&nbsp;<\/p>\n\n\n\n<p>Por su parte, Molines se ha mostrado contento por la firma de este convenio y ha destacado \u201cel trato personal de Jos\u00e9 Juan Forn\u00e9s con los jugadores, estando a su lado, preocup\u00e1ndose siempre de c\u00f3mo est\u00e1n, acompa\u00f1\u00e1ndolos. Son personas que representan y juegan al deporte que nos gusta\u201d. Reconoci\u00f3 que adem\u00e1s con Forn\u00e9s le une mucho en com\u00fan, incluso en el apartado personal. Por eso \u201cla ilusi\u00f3n es muy grande\u201d.<\/p>\n\n\n\n<p>Los jugadores tambi\u00e9n han valorado la firma de este convenio entre masymas y la Federaci\u00f3n. Una valoraci\u00f3n que ha sido muy positiva y en la que Giner, Tom\u00e1s II, Pere y Puchol II han coincidido en reconocer la afici\u00f3n y el apoyo a la pelota que siempre ha mostrado Forn\u00e9s y masymas.<\/p>\n\n\n\n<p><\/p>\n\n\n\n<figure class=\"wp-block-gallery has-nested-images columns-default is-cropped wp-block-gallery-2 is-layout-flex wp-block-gallery-is-layout-flex\">\n<figure class=\"wp-block-image size-large\"><img loading=\"lazy\" decoding=\"async\" width=\"1024\" height=\"768\" data-id=\"28072\" src=\"https:\/\/suasesport.com\/wp-content\/uploads\/2024\/05\/IMG_0299-1024x768.jpeg\" alt=\"\" class=\"wp-image-28072\" srcset=\"https:\/\/suasesport.com\/wp-content\/uploads\/2024\/05\/IMG_0299-1024x768.jpeg 1024w, https:\/\/suasesport.com\/wp-content\/uploads\/2024\/05\/IMG_0299-300x225.jpeg 300w, https:\/\/suasesport.com\/wp-content\/uploads\/2024\/05\/IMG_0299-768x576.jpeg 768w, https:\/\/suasesport.com\/wp-content\/uploads\/2024\/05\/IMG_0299-1536x1152.jpeg 1536w, https:\/\/suasesport.com\/wp-content\/uploads\/2024\/05\/IMG_0299-2048x1536.jpeg 2048w, https:\/\/suasesport.com\/wp-content\/uploads\/2024\/05\/IMG_0299-1080x810.jpeg 1080w\" sizes=\"auto, (max-width: 1024px) 100vw, 1024px\" \/><\/figure>\n\n\n\n<figure class=\"wp-block-image size-large\"><img loading=\"lazy\" decoding=\"async\" width=\"1024\" height=\"768\" data-id=\"28076\" src=\"https:\/\/suasesport.com\/wp-content\/uploads\/2024\/05\/IMG_0303-1024x768.jpeg\" alt=\"\" class=\"wp-image-28076\" srcset=\"https:\/\/suasesport.com\/wp-content\/uploads\/2024\/05\/IMG_0303-1024x768.jpeg 1024w, https:\/\/suasesport.com\/wp-content\/uploads\/2024\/05\/IMG_0303-300x225.jpeg 300w, https:\/\/suasesport.com\/wp-content\/uploads\/2024\/05\/IMG_0303-768x576.jpeg 768w, https:\/\/suasesport.com\/wp-content\/uploads\/2024\/05\/IMG_0303-1536x1152.jpeg 1536w, https:\/\/suasesport.com\/wp-content\/uploads\/2024\/05\/IMG_0303-2048x1536.jpeg 2048w, https:\/\/suasesport.com\/wp-content\/uploads\/2024\/05\/IMG_0303-1080x810.jpeg 1080w\" sizes=\"auto, (max-width: 1024px) 100vw, 1024px\" \/><\/figure>\n<\/figure>\n\n\n\n<p><\/p>\n\n\n\n<p><\/p>\n\n\n\n<p><\/p>\n\n\n\n<figure class=\"wp-block-gallery has-nested-images columns-default is-cropped wp-block-gallery-3 is-layout-flex wp-block-gallery-is-layout-flex\">\n<figure class=\"wp-block-image size-large\"><img loading=\"lazy\" decoding=\"async\" width=\"1024\" height=\"768\" data-id=\"28070\" src=\"https:\/\/suasesport.com\/wp-content\/uploads\/2024\/05\/IMG_0310-1024x768.jpeg\" alt=\"\" class=\"wp-image-28070\" srcset=\"https:\/\/suasesport.com\/wp-content\/uploads\/2024\/05\/IMG_0310-1024x768.jpeg 1024w, https:\/\/suasesport.com\/wp-content\/uploads\/2024\/05\/IMG_0310-300x225.jpeg 300w, https:\/\/suasesport.com\/wp-content\/uploads\/2024\/05\/IMG_0310-768x576.jpeg 768w, https:\/\/suasesport.com\/wp-content\/uploads\/2024\/05\/IMG_0310-1536x1152.jpeg 1536w, https:\/\/suasesport.com\/wp-content\/uploads\/2024\/05\/IMG_0310-2048x1536.jpeg 2048w, https:\/\/suasesport.com\/wp-content\/uploads\/2024\/05\/IMG_0310-1080x810.jpeg 1080w\" sizes=\"auto, (max-width: 1024px) 100vw, 1024px\" \/><\/figure>\n<\/figure>\n","protected":false},"excerpt":{"rendered":"<p>La pilota valenciana goza de buena salud y cada d\u00eda va a m\u00e1s, de eso no hay ninguna duda. Y para que esto ocurra es necesaria la simbiosis entre la Federaci\u00f3n y empresas privadas, en este caso entre la la Federaci\u00f3n y masymas Supermercats. Ambas entidades han firmado un convenio de colaboraci\u00f3n hasta mayo de&hellip; <a class=\"more-link\" href=\"https:\/\/suasesport.com\/es\/masymas-y-la-federacio-se-unen-para-dar-mas-impulso-a-la-pilota-con-partidas-profesionales-y-beneficas\/\">Seguir leyendo <span class=\"screen-reader-text\">masymas y la Federaci\u00f3 se unen para dar m\u00e1s impulso a la pilota con partidas profesionales y ben\u00e9ficas<\/span><\/a><\/p>\n","protected":false},"author":1,"featured_media":28074,"comment_status":"open","ping_status":"open","sticky":false,"template":"","format":"standard","meta":{"footnotes":""},"categories":[13],"tags":[],"class_list":["post-28078","post","type-post","status-publish","format-standard","has-post-thumbnail","hentry","category-pilota","entry"],"_links":{"self":[{"href":"https:\/\/suasesport.com\/es\/wp-json\/wp\/v2\/posts\/28078","targetHints":{"allow":["GET"]}}],"collection":[{"href":"https:\/\/suasesport.com\/es\/wp-json\/wp\/v2\/posts"}],"about":[{"href":"https:\/\/suasesport.com\/es\/wp-json\/wp\/v2\/types\/post"}],"author":[{"embeddable":true,"href":"https:\/\/suasesport.com\/es\/wp-json\/wp\/v2\/users\/1"}],"replies":[{"embeddable":true,"href":"https:\/\/suasesport.com\/es\/wp-json\/wp\/v2\/comments?post=28078"}],"version-history":[{"count":6,"href":"https:\/\/suasesport.com\/es\/wp-json\/wp\/v2\/posts\/28078\/revisions"}],"predecessor-version":[{"id":28089,"href":"https:\/\/suasesport.com\/es\/wp-json\/wp\/v2\/posts\/28078\/revisions\/28089"}],"wp:featuredmedia":[{"embeddable":true,"href":"https:\/\/suasesport.com\/es\/wp-json\/wp\/v2\/media\/28074"}],"wp:attachment":[{"href":"https:\/\/suasesport.com\/es\/wp-json\/wp\/v2\/media?parent=28078"}],"wp:term":[{"taxonomy":"category","embeddable":true,"href":"https:\/\/suasesport.com\/es\/wp-json\/wp\/v2\/categories?post=28078"},{"taxonomy":"post_tag","embeddable":true,"href":"https:\/\/suasesport.com\/es\/wp-json\/wp\/v2\/tags?post=28078"}],"curies":[{"name":"wp","href":"https:\/\/api.w.org\/{rel}","templated":true}]}}