{"id":27989,"date":"2024-05-21T10:21:15","date_gmt":"2024-05-21T09:21:15","guid":{"rendered":"https:\/\/suasesport.com\/?p=27989"},"modified":"2024-05-21T10:55:42","modified_gmt":"2024-05-21T09:55:42","slug":"las-alevines-del-fb-denia-son-subcampeonas-de-la-copa-federacion-valenta","status":"publish","type":"post","link":"https:\/\/suasesport.com\/es\/las-alevines-del-fb-denia-son-subcampeonas-de-la-copa-federacion-valenta\/","title":{"rendered":"Las alevines del FB D\u00e9nia son subcampeonas de la Copa Federaci\u00f3n  Valenta \u00a0"},"content":{"rendered":"\n<p>Las alevines del FB D\u00e9nia, que entrena Laura Ribes, se han proclamado subcampeonas de la Copa Federaci\u00f3n Valenta Futbol 8. Las dianenses han quedado segundas clasificadas al perder la final con el Elche A (2-1). Esta ha sido su \u00fanica derrota en toda la competici\u00f3n, ya que la primera fase la pasaron de forma inmaculada, es decir, ganaron todos los partidos. En la fase final, en cinco partidos, han sumado tres victorias, un empate y tan solo una derrota.<\/p>\n\n\n\n<p>La fase final de la Copa Federaci\u00f3n Valenta se disput\u00f3 en las instalaciones deportivas El Planter de Pu\u00e7ol el pasado fin de semana. Las dianenses, encuadradas en el Grupo N, tuvieron como rivales al Malilla B, Los Silos y Elche B. El primer partido lo jugaron contra las ilicitanas con las que empataron a uno. Ganaron a Los Silos y Malilla B, en el segundo y tercer partido, por id\u00e9ntico resultado, 4-0. En semifinales se enfrentaron al Torrent A al que vencieron por la m\u00ednima (1-0), en la otra semifinal el Elche venci\u00f3 al Ath. Massamagrell. En la final volvieron a verse las caras con las ilicitanas, en un partido que tambi\u00e9n estuvo muy igualado y en el que las groguetes se pusieron por delante en el marcador, march\u00e1ndose al descanso con 0-1 a favor. Pero en la segunda parte la suerte sonri\u00f3 al Elche A, que remont\u00f3 y gan\u00f3 por la m\u00ednima (2-1).\u00a0<\/p>\n\n\n\n<p>RESULTADOS<\/p>\n\n\n\n<p>&#8211; Grupo N<\/p>\n\n\n\n<p>Malilla B 0, Los Silos 3&nbsp;<\/p>\n\n\n\n<p>FB D\u00e9nia 1, Elche A 1&nbsp;<\/p>\n\n\n\n<p>Malilla B 0, Elche A 3&nbsp;<\/p>\n\n\n\n<p>FB Denia 4, Los Silos 0<\/p>\n\n\n\n<p>Los Silos 1, Elche A 2&nbsp;<\/p>\n\n\n\n<p>FB D\u00e9nia 4,&nbsp; Malilla B 0&nbsp;<\/p>\n\n\n\n<p>&#8211; Semifinales<\/p>\n\n\n\n<p>Ath. Massamagrell 0, Elche A 2&nbsp;<\/p>\n\n\n\n<p>FB Denia 1, Torrent A 0&nbsp;<\/p>\n\n\n\n<p>&#8211; Final<\/p>\n\n\n\n<p>Elche A 2, FB D\u00e9nia 1&nbsp;<\/p>\n\n\n\n<p>CUADRO DE HONOR<\/p>\n\n\n\n<p>Campe\u00f3n: Elche A. <\/p>\n\n\n\n<p>Sabcampe\u00f3n: FB D\u00e9nia. <\/p>\n\n\n\n<p>Tercero: Ath. Massamagrell. <\/p>\n\n\n\n<p>Cuarto: Torrent A.  <\/p>\n\n\n\n<p><\/p>\n\n\n\n<figure class=\"wp-block-gallery has-nested-images columns-default is-cropped wp-block-gallery-2 is-layout-flex wp-block-gallery-is-layout-flex\">\n<figure class=\"wp-block-image size-large\"><img loading=\"lazy\" decoding=\"async\" width=\"1024\" height=\"1024\" data-id=\"27991\" src=\"https:\/\/suasesport.com\/wp-content\/uploads\/2024\/05\/IMG_0283-1024x1024.jpg\" alt=\"\" class=\"wp-image-27991\" srcset=\"https:\/\/suasesport.com\/wp-content\/uploads\/2024\/05\/IMG_0283-1024x1024.jpg 1024w, https:\/\/suasesport.com\/wp-content\/uploads\/2024\/05\/IMG_0283-300x300.jpg 300w, https:\/\/suasesport.com\/wp-content\/uploads\/2024\/05\/IMG_0283-150x150.jpg 150w, https:\/\/suasesport.com\/wp-content\/uploads\/2024\/05\/IMG_0283-768x768.jpg 768w, https:\/\/suasesport.com\/wp-content\/uploads\/2024\/05\/IMG_0283-1080x1080.jpg 1080w, https:\/\/suasesport.com\/wp-content\/uploads\/2024\/05\/IMG_0283-440x440.jpg 440w, https:\/\/suasesport.com\/wp-content\/uploads\/2024\/05\/IMG_0283.jpg 1440w\" sizes=\"auto, (max-width: 1024px) 100vw, 1024px\" \/><\/figure>\n<\/figure>\n\n\n\n<p><\/p>\n\n\n\n<p><\/p>\n\n\n\n<figure class=\"wp-block-gallery has-nested-images columns-default is-cropped wp-block-gallery-3 is-layout-flex wp-block-gallery-is-layout-flex\">\n<figure class=\"wp-block-image size-large\"><img loading=\"lazy\" decoding=\"async\" width=\"1024\" height=\"852\" data-id=\"27985\" src=\"https:\/\/suasesport.com\/wp-content\/uploads\/2024\/05\/IMG_0282-1024x852.jpg\" alt=\"\" class=\"wp-image-27985\" srcset=\"https:\/\/suasesport.com\/wp-content\/uploads\/2024\/05\/IMG_0282-1024x852.jpg 1024w, https:\/\/suasesport.com\/wp-content\/uploads\/2024\/05\/IMG_0282-300x250.jpg 300w, https:\/\/suasesport.com\/wp-content\/uploads\/2024\/05\/IMG_0282-768x639.jpg 768w, https:\/\/suasesport.com\/wp-content\/uploads\/2024\/05\/IMG_0282-1080x899.jpg 1080w, https:\/\/suasesport.com\/wp-content\/uploads\/2024\/05\/IMG_0282.jpg 1200w\" sizes=\"auto, (max-width: 1024px) 100vw, 1024px\" \/><\/figure>\n<\/figure>\n","protected":false},"excerpt":{"rendered":"<p>Las alevines del FB D\u00e9nia, que entrena Laura Ribes, se han proclamado subcampeonas de la Copa Federaci\u00f3n Valenta Futbol 8. Las dianenses han quedado segundas clasificadas al perder la final con el Elche A (2-1). Esta ha sido su \u00fanica derrota en toda la competici\u00f3n, ya que la primera fase la pasaron de forma inmaculada,&hellip; <a class=\"more-link\" href=\"https:\/\/suasesport.com\/es\/las-alevines-del-fb-denia-son-subcampeonas-de-la-copa-federacion-valenta\/\">Seguir leyendo <span class=\"screen-reader-text\">Las alevines del FB D\u00e9nia son subcampeonas de la Copa Federaci\u00f3n  Valenta \u00a0<\/span><\/a><\/p>\n","protected":false},"author":1,"featured_media":27987,"comment_status":"open","ping_status":"open","sticky":false,"template":"","format":"standard","meta":{"footnotes":""},"categories":[6,155],"tags":[],"class_list":["post-27989","post","type-post","status-publish","format-standard","has-post-thumbnail","hentry","category-futbol","category-futbol-femenino-8","entry"],"_links":{"self":[{"href":"https:\/\/suasesport.com\/es\/wp-json\/wp\/v2\/posts\/27989","targetHints":{"allow":["GET"]}}],"collection":[{"href":"https:\/\/suasesport.com\/es\/wp-json\/wp\/v2\/posts"}],"about":[{"href":"https:\/\/suasesport.com\/es\/wp-json\/wp\/v2\/types\/post"}],"author":[{"embeddable":true,"href":"https:\/\/suasesport.com\/es\/wp-json\/wp\/v2\/users\/1"}],"replies":[{"embeddable":true,"href":"https:\/\/suasesport.com\/es\/wp-json\/wp\/v2\/comments?post=27989"}],"version-history":[{"count":8,"href":"https:\/\/suasesport.com\/es\/wp-json\/wp\/v2\/posts\/27989\/revisions"}],"predecessor-version":[{"id":28005,"href":"https:\/\/suasesport.com\/es\/wp-json\/wp\/v2\/posts\/27989\/revisions\/28005"}],"wp:featuredmedia":[{"embeddable":true,"href":"https:\/\/suasesport.com\/es\/wp-json\/wp\/v2\/media\/27987"}],"wp:attachment":[{"href":"https:\/\/suasesport.com\/es\/wp-json\/wp\/v2\/media?parent=27989"}],"wp:term":[{"taxonomy":"category","embeddable":true,"href":"https:\/\/suasesport.com\/es\/wp-json\/wp\/v2\/categories?post=27989"},{"taxonomy":"post_tag","embeddable":true,"href":"https:\/\/suasesport.com\/es\/wp-json\/wp\/v2\/tags?post=27989"}],"curies":[{"name":"wp","href":"https:\/\/api.w.org\/{rel}","templated":true}]}}