{"id":27803,"date":"2024-05-14T09:46:52","date_gmt":"2024-05-14T08:46:52","guid":{"rendered":"https:\/\/suasesport.com\/?p=27803"},"modified":"2024-05-14T09:46:54","modified_gmt":"2024-05-14T08:46:54","slug":"siete-jugadores-dianenses-entrenan-con-las-selecciones-valencianas-sub-19-y-sub-16-en-denia","status":"publish","type":"post","link":"https:\/\/suasesport.com\/es\/siete-jugadores-dianenses-entrenan-con-las-selecciones-valencianas-sub-19-y-sub-16-en-denia\/","title":{"rendered":"Siete jugadores dianenses entrenan con las selecciones valencianas Sub 19 y Sub 16 en D\u00e9nia\u00a0"},"content":{"rendered":"\n<p>Cayetano Iglesias Pastor, Hugo Pons Miralles, Maxim Puig Saloilo, Juan Pouzols Navarro, Rub\u00e9n Puigcerver Crespo, Pau Valero Avargues y Andreu Ivars Rojas han sido los siete jugadores dianenses que entrenaron con las selecciones valencianas Sub 19 y Sub 16 en D\u00e9nia. La jornada de tecnificaci\u00f3n se realiz\u00f3 en el Pabell\u00f3n Municipal de Joan Fuster ayer lunes y cont\u00f3 con la supervisi\u00f3n del dianense Jos\u00e9 Luis Mengual, coordinador de Selecci\u00f3n Valenciana Futsal de la FFCV y seleccionador infantil.<\/p>\n\n\n\n<p>La Selecci\u00f3n Valenciana Sub 16, es decir, la cadete, fue la primera en realizar el entrenamiento bajo la atenta mirada del seleccionador Champo. Cayetano, Hugo y Maxim, jugadores del Paidos, junto con el resto de convocados trabajaron durante hora y media. La Valenciana que dirige Patxi Aguilar, entren\u00f3 a las 18.30 horas tambi\u00e9n durante hoy y media. Con la Sub 19 estuvieron los otros cuatro jugadores de D\u00e9nia, Juan y Rub\u00e9n del Dianense y Pau y Andreu del Paidos.\u00a0<\/p>\n\n\n\n<p><\/p>\n","protected":false},"excerpt":{"rendered":"<p>Cayetano Iglesias Pastor, Hugo Pons Miralles, Maxim Puig Saloilo, Juan Pouzols Navarro, Rub\u00e9n Puigcerver Crespo, Pau Valero Avargues y Andreu Ivars Rojas han sido los siete jugadores dianenses que entrenaron con las selecciones valencianas Sub 19 y Sub 16 en D\u00e9nia. La jornada de tecnificaci\u00f3n se realiz\u00f3 en el Pabell\u00f3n Municipal de Joan Fuster ayer&hellip; <a class=\"more-link\" href=\"https:\/\/suasesport.com\/es\/siete-jugadores-dianenses-entrenan-con-las-selecciones-valencianas-sub-19-y-sub-16-en-denia\/\">Seguir leyendo <span class=\"screen-reader-text\">Siete jugadores dianenses entrenan con las selecciones valencianas Sub 19 y Sub 16 en D\u00e9nia\u00a0<\/span><\/a><\/p>\n","protected":false},"author":1,"featured_media":27801,"comment_status":"open","ping_status":"open","sticky":false,"template":"","format":"standard","meta":{"footnotes":""},"categories":[7],"tags":[],"class_list":["post-27803","post","type-post","status-publish","format-standard","has-post-thumbnail","hentry","category-f-sala","entry"],"_links":{"self":[{"href":"https:\/\/suasesport.com\/es\/wp-json\/wp\/v2\/posts\/27803","targetHints":{"allow":["GET"]}}],"collection":[{"href":"https:\/\/suasesport.com\/es\/wp-json\/wp\/v2\/posts"}],"about":[{"href":"https:\/\/suasesport.com\/es\/wp-json\/wp\/v2\/types\/post"}],"author":[{"embeddable":true,"href":"https:\/\/suasesport.com\/es\/wp-json\/wp\/v2\/users\/1"}],"replies":[{"embeddable":true,"href":"https:\/\/suasesport.com\/es\/wp-json\/wp\/v2\/comments?post=27803"}],"version-history":[{"count":5,"href":"https:\/\/suasesport.com\/es\/wp-json\/wp\/v2\/posts\/27803\/revisions"}],"predecessor-version":[{"id":27813,"href":"https:\/\/suasesport.com\/es\/wp-json\/wp\/v2\/posts\/27803\/revisions\/27813"}],"wp:featuredmedia":[{"embeddable":true,"href":"https:\/\/suasesport.com\/es\/wp-json\/wp\/v2\/media\/27801"}],"wp:attachment":[{"href":"https:\/\/suasesport.com\/es\/wp-json\/wp\/v2\/media?parent=27803"}],"wp:term":[{"taxonomy":"category","embeddable":true,"href":"https:\/\/suasesport.com\/es\/wp-json\/wp\/v2\/categories?post=27803"},{"taxonomy":"post_tag","embeddable":true,"href":"https:\/\/suasesport.com\/es\/wp-json\/wp\/v2\/tags?post=27803"}],"curies":[{"name":"wp","href":"https:\/\/api.w.org\/{rel}","templated":true}]}}