{"id":27725,"date":"2024-05-10T11:56:18","date_gmt":"2024-05-10T10:56:18","guid":{"rendered":"https:\/\/suasesport.com\/?p=27725"},"modified":"2024-05-10T11:56:21","modified_gmt":"2024-05-10T10:56:21","slug":"las-finales-provinciales-de-los-jecv-se-disputan-en-el-trinquet-el-nel-de-murla-este-fin-de-semana","status":"publish","type":"post","link":"https:\/\/suasesport.com\/es\/las-finales-provinciales-de-los-jecv-se-disputan-en-el-trinquet-el-nel-de-murla-este-fin-de-semana\/","title":{"rendered":"Las finales provinciales de los JECV se disputan en el trinquet El Nel de Murla este fin de semana\u00a0"},"content":{"rendered":"\n<p>Las finales provinciales de escala i corda de los Jocs Esportius de la Comunitat Valenciana (JECV) se disputan en el trinquet El Nel de Murla este fin de semana. Ma\u00f1ana s\u00e1bado se juegan seis finales, las de las categor\u00eda A y B de alevines, benjamines y juveniles; y el domingo las finales A y B de las categor\u00eda infantiles y cadetes. Los campeones provinciales, es decir los campeones de las finales A, jugar\u00e1n la fase final auton\u00f3mica los d\u00edas 17 y 19 de mayo en el trinquet de Riba-roja.<\/p>\n\n\n\n<p>Benissa, Ondara, Gata de Gorgos, Beniarbeig-El Verger, Laguar y Orba son las escuelas que tienen representaci\u00f3n en las finales.\u00a0<\/p>\n\n\n\n<p>RESULTADOS SEMIFINALES&nbsp;<\/p>\n\n\n\n<p>&#8211; Alevines&nbsp;<\/p>\n\n\n\n<p>Ondara B 40, Benissa 5&nbsp;<\/p>\n\n\n\n<p>Gata de Gorgos 40, Ondara A 5<\/p>\n\n\n\n<p>&#8211; Benjamines<\/p>\n\n\n\n<p>Beniarbeig El Verger 40, Ondara B 5<\/p>\n\n\n\n<p>Ondara A 40, Gata de Gorgos 5<\/p>\n\n\n\n<p>&#8211; Juveniles&nbsp;<\/p>\n\n\n\n<p>Ondara 15, Benissa 40<\/p>\n\n\n\n<p>Laguar 25, Beniarbeig El Verger 40&nbsp;<\/p>\n\n\n\n<p>&#8211; Infantiles&nbsp;<\/p>\n\n\n\n<p>Orba 40, Benissa 10&nbsp;<\/p>\n\n\n\n<p>Beniarbeig El Verger 20, Sella Relleu 40&nbsp;<\/p>\n\n\n\n<p>&#8211; Cadetes&nbsp;<\/p>\n\n\n\n<p>Petrer A 40, Benissa 25<\/p>\n\n\n\n<p>Ondara 40, Sella Relleu 5&nbsp;<\/p>\n\n\n\n<p>LAS FINALES&nbsp;<\/p>\n\n\n\n<p>S\u00e1bado<\/p>\n\n\n\n<p>&#8211; Alevines<\/p>\n\n\n\n<p>A las 9 h.: Benissa-Ondara A, final B.&nbsp;<\/p>\n\n\n\n<p>A las 9.40 h.: Gata de Gorgos-Ondara B, final A.&nbsp;<\/p>\n\n\n\n<p>&#8211; Benjamines&nbsp;<\/p>\n\n\n\n<p>A las 10.20 h.: Ondara B-Gata de Gorgos, final B.&nbsp;<\/p>\n\n\n\n<p>A las 11 h.: Beniarbeig El Verger-Ondara A, final A.&nbsp;<\/p>\n\n\n\n<p>&#8211; Juveniles<\/p>\n\n\n\n<p>&nbsp;A las 11.40 h.: Ondara-Laguar, final B.&nbsp;<\/p>\n\n\n\n<p>A las 12.20 h.: Benissa-Beniarbeig El Verger, final A.&nbsp;<\/p>\n\n\n\n<p>Domingo&nbsp;<\/p>\n\n\n\n<p>&#8211; Infantiles<\/p>\n\n\n\n<p>A las 10 h.: Benissa-Beniarbeig El Verger, final B.&nbsp;<\/p>\n\n\n\n<p>A las 10.40 h.: Orba-Sella Relleu, final A.&nbsp;<\/p>\n\n\n\n<p>&#8211; Cadetes<\/p>\n\n\n\n<p>A las 11.20 h.: Benissa-Sella Relleu, final B.&nbsp;<\/p>\n\n\n\n<p>A las 12 h.: Petrer A-Ondara, final A.&nbsp;<\/p>\n","protected":false},"excerpt":{"rendered":"<p>Las finales provinciales de escala i corda de los Jocs Esportius de la Comunitat Valenciana (JECV) se disputan en el trinquet El Nel de Murla este fin de semana. Ma\u00f1ana s\u00e1bado se juegan seis finales, las de las categor\u00eda A y B de alevines, benjamines y juveniles; y el domingo las finales A y B&hellip; <a class=\"more-link\" href=\"https:\/\/suasesport.com\/es\/las-finales-provinciales-de-los-jecv-se-disputan-en-el-trinquet-el-nel-de-murla-este-fin-de-semana\/\">Seguir leyendo <span class=\"screen-reader-text\">Las finales provinciales de los JECV se disputan en el trinquet El Nel de Murla este fin de semana\u00a0<\/span><\/a><\/p>\n","protected":false},"author":1,"featured_media":27723,"comment_status":"open","ping_status":"open","sticky":false,"template":"","format":"standard","meta":{"footnotes":""},"categories":[127,13],"tags":[],"class_list":["post-27725","post","type-post","status-publish","format-standard","has-post-thumbnail","hentry","category-escalaicorda","category-pilota","entry"],"_links":{"self":[{"href":"https:\/\/suasesport.com\/es\/wp-json\/wp\/v2\/posts\/27725","targetHints":{"allow":["GET"]}}],"collection":[{"href":"https:\/\/suasesport.com\/es\/wp-json\/wp\/v2\/posts"}],"about":[{"href":"https:\/\/suasesport.com\/es\/wp-json\/wp\/v2\/types\/post"}],"author":[{"embeddable":true,"href":"https:\/\/suasesport.com\/es\/wp-json\/wp\/v2\/users\/1"}],"replies":[{"embeddable":true,"href":"https:\/\/suasesport.com\/es\/wp-json\/wp\/v2\/comments?post=27725"}],"version-history":[{"count":3,"href":"https:\/\/suasesport.com\/es\/wp-json\/wp\/v2\/posts\/27725\/revisions"}],"predecessor-version":[{"id":27732,"href":"https:\/\/suasesport.com\/es\/wp-json\/wp\/v2\/posts\/27725\/revisions\/27732"}],"wp:featuredmedia":[{"embeddable":true,"href":"https:\/\/suasesport.com\/es\/wp-json\/wp\/v2\/media\/27723"}],"wp:attachment":[{"href":"https:\/\/suasesport.com\/es\/wp-json\/wp\/v2\/media?parent=27725"}],"wp:term":[{"taxonomy":"category","embeddable":true,"href":"https:\/\/suasesport.com\/es\/wp-json\/wp\/v2\/categories?post=27725"},{"taxonomy":"post_tag","embeddable":true,"href":"https:\/\/suasesport.com\/es\/wp-json\/wp\/v2\/tags?post=27725"}],"curies":[{"name":"wp","href":"https:\/\/api.w.org\/{rel}","templated":true}]}}