{"id":27221,"date":"2024-04-26T11:00:06","date_gmt":"2024-04-26T10:00:06","guid":{"rendered":"https:\/\/suasesport.com\/?p=27221"},"modified":"2024-04-26T11:00:07","modified_gmt":"2024-04-26T10:00:07","slug":"el-balearia-dianium-es-subcampeon-provincial-por-equipos-sub-14-en-las-dos-categorias","status":"publish","type":"post","link":"https:\/\/suasesport.com\/es\/el-balearia-dianium-es-subcampeon-provincial-por-equipos-sub-14-en-las-dos-categorias\/","title":{"rendered":"El Bale\u00e0ria Di\u00e0nium es subcampe\u00f3n provincial por equipos Sub 14 en las dos categor\u00edas\u00a0"},"content":{"rendered":"\n<p>El CA Bale\u00e0ria Di\u00e0nium se proclam\u00f3 subcampe\u00f3n provincial por equipos Sub 14 tanto en chicos como en chicas. El campeonato se disput\u00f3 en D\u00e9nia el pasado s\u00e1bado y estuvo organizado por el club. Los chicos lo fueron con un total de 111 puntos y las chicas con 120 puntos.&nbsp;<\/p>\n\n\n\n<p>La competici\u00f3n estuvo muy disputada entre el Di\u00e0nium y el CE Elche, que lucharon por el t\u00edtulo provincial. Los ilicitanos al final ganaron en ambas categor\u00edas, en la masculina con 115 puntos y en la femenina con 123.\u00a0<\/p>\n\n\n\n<p>El equipo Sub 14 masculino del Bale\u00e0ria Di\u00e0nium estaba compuesto por: Timofey Pridhodko, Adrian Lucas, Savelii Bogatov, Pablo Lianes, Daniel Reig, Omar Lahssini, Le\u00f3 Baeza, Mateo Manuel Chac\u00f3n, Joan Carri\u00f3, Valent\u00edn Galleguismo y Pau G\u00f3mez.\u00a0<\/p>\n\n\n\n<p>El equipo femenino  Sub 14 del Bale\u00e0ria Di\u00e0nium estaba compuesto por: Edurne Mart\u00ednez, In\u00e9s Reig, Luc\u00eda Beteta, Ariadna Goulart, Martina Reig, Arantxa Devesa, Holly Fawle, Aisha Sidi Aranda, Micaela Cenitagoya, Alba Valero, Neus Lladosa, Paula Llobell, Eva Maier y Candela Mu\u00f1oz.\u00a0<\/p>\n","protected":false},"excerpt":{"rendered":"<p>El CA Bale\u00e0ria Di\u00e0nium se proclam\u00f3 subcampe\u00f3n provincial por equipos Sub 14 tanto en chicos como en chicas. El campeonato se disput\u00f3 en D\u00e9nia el pasado s\u00e1bado y estuvo organizado por el club. Los chicos lo fueron con un total de 111 puntos y las chicas con 120 puntos.&nbsp; La competici\u00f3n estuvo muy disputada entre&hellip; <a class=\"more-link\" href=\"https:\/\/suasesport.com\/es\/el-balearia-dianium-es-subcampeon-provincial-por-equipos-sub-14-en-las-dos-categorias\/\">Seguir leyendo <span class=\"screen-reader-text\">El Bale\u00e0ria Di\u00e0nium es subcampe\u00f3n provincial por equipos Sub 14 en las dos categor\u00edas\u00a0<\/span><\/a><\/p>\n","protected":false},"author":1,"featured_media":27219,"comment_status":"open","ping_status":"open","sticky":false,"template":"","format":"standard","meta":{"footnotes":""},"categories":[11],"tags":[],"class_list":["post-27221","post","type-post","status-publish","format-standard","has-post-thumbnail","hentry","category-atletismo","entry"],"_links":{"self":[{"href":"https:\/\/suasesport.com\/es\/wp-json\/wp\/v2\/posts\/27221","targetHints":{"allow":["GET"]}}],"collection":[{"href":"https:\/\/suasesport.com\/es\/wp-json\/wp\/v2\/posts"}],"about":[{"href":"https:\/\/suasesport.com\/es\/wp-json\/wp\/v2\/types\/post"}],"author":[{"embeddable":true,"href":"https:\/\/suasesport.com\/es\/wp-json\/wp\/v2\/users\/1"}],"replies":[{"embeddable":true,"href":"https:\/\/suasesport.com\/es\/wp-json\/wp\/v2\/comments?post=27221"}],"version-history":[{"count":2,"href":"https:\/\/suasesport.com\/es\/wp-json\/wp\/v2\/posts\/27221\/revisions"}],"predecessor-version":[{"id":27225,"href":"https:\/\/suasesport.com\/es\/wp-json\/wp\/v2\/posts\/27221\/revisions\/27225"}],"wp:featuredmedia":[{"embeddable":true,"href":"https:\/\/suasesport.com\/es\/wp-json\/wp\/v2\/media\/27219"}],"wp:attachment":[{"href":"https:\/\/suasesport.com\/es\/wp-json\/wp\/v2\/media?parent=27221"}],"wp:term":[{"taxonomy":"category","embeddable":true,"href":"https:\/\/suasesport.com\/es\/wp-json\/wp\/v2\/categories?post=27221"},{"taxonomy":"post_tag","embeddable":true,"href":"https:\/\/suasesport.com\/es\/wp-json\/wp\/v2\/tags?post=27221"}],"curies":[{"name":"wp","href":"https:\/\/api.w.org\/{rel}","templated":true}]}}