{"id":26966,"date":"2024-04-22T18:50:48","date_gmt":"2024-04-22T17:50:48","guid":{"rendered":"https:\/\/suasesport.com\/?p=26966"},"modified":"2024-04-22T18:54:50","modified_gmt":"2024-04-22T17:54:50","slug":"denia-decide-quien-acompanara-a-de-la-vega-i-nacho-en-la-final-de-la-copa-diputacion-de-alicante","status":"publish","type":"post","link":"https:\/\/suasesport.com\/es\/denia-decide-quien-acompanara-a-de-la-vega-i-nacho-en-la-final-de-la-copa-diputacion-de-alicante\/","title":{"rendered":"D\u00e9nia decide qui\u00e9n acompa\u00f1ar\u00e1 a De la Vega i Nacho en la final de la Copa Diputaci\u00f3n de Alicante"},"content":{"rendered":"\n<p>D\u00e9nia decidir\u00e1 qu\u00e9 pareja acompa\u00f1ar\u00e1 a De la Vega i Nacho en la final de la Copa Diputaci\u00f3n de Alicante, ma\u00f1ana martes en el trinquet El Rovellet a las 18.30 horas. Su rival saldr\u00e1 del enfrentamiento entre Giner y Nacho contra Franc\u00e9s i Jes\u00fas, \u00e9ste \u00faltimo ha sustituido al lesionado Tom\u00e1s II. Giner i H\u00e9ctor ganaron el primer duelo por lo que si vuelven a ganar estar\u00e1n en la final del domingo en Pedreguer. Si por el contrario pierden se jugar\u00e1n tres juegos de desempate, tal y como ocurri\u00f3 en Benissa en el que se impusieron&nbsp;De la Vega i Nacho a Marc i Conillet. <\/p>\n\n\n\n<p>El nombre del primer finalista de la Copa se decidi\u00f3 ayer en el trinquet de Benissa despu\u00e9s de que De la Vega i Nacho vencieran a Marc i Conillet (60-30) y forzaran jugar un desempate al mejor de tres juegos, desempate que cay\u00f3 del lado del equipo de De la Vega. Los problemas f\u00edsicos de Marc, en el tramo final de la partida, que pr\u00e1cticamente le imped\u00edan caminar, mermaron sus fuerzas a pesar de que el de Montserrat i el Orba ganaban el primer juego del desempate lo que puso contra las cuerdas a De la Vega y Nacho. Pero Conillet solo no pudo con dos rivales que finalmente se clasificaban para la final. En el primer enfrentamiento de esta semifinal, Marc i Conillet ganaron en el trinquet de Ondara en una partida que estuvo muy igualada y que se resolvi\u00f3 por el resultado de 60-50.&nbsp;<\/p>\n\n\n\n<p>EN RASPALL FEMEN\u00cd, YA SE CONOCEN A LAS FINALISTAS&nbsp;<\/p>\n\n\n\n<p>En la modalidad de raspall femen\u00ed ya se conoce el nombre los equipos finalistas. El primero en clasificarse para la final fue el formado por Ana, Anabel y Fanni (Beniarbeig) que lo ha hecho como primer clasificado de la liguilla tras ganar todas sus partidas, la \u00faltima ante Irene, J\u00falia y Joana (25-10). Erika, Amparo e Isabel consiguieron su pase el viernes en Benidorm. Por eso la partida en Benissa entre Irene, J\u00falia i Joana contra Erika, Amparo e Isabel fue de puro tr\u00e1mite en la que se impusieron las primeras por 25-15.&nbsp;<\/p>\n\n\n\n<p>La \u00faltima partida de la liguilla se juega ma\u00f1ana en D\u00e9nia entre Victoria, Noelia y Mirella contra Aina, Miriam y Marina a las 17.30 horas.&nbsp;<\/p>\n\n\n\n<p><\/p>\n\n\n\n<figure class=\"wp-block-gallery has-nested-images columns-default is-cropped wp-block-gallery-2 is-layout-flex wp-block-gallery-is-layout-flex\">\n<figure class=\"wp-block-image size-large\"><img loading=\"lazy\" decoding=\"async\" width=\"1024\" height=\"595\" data-id=\"26975\" src=\"https:\/\/suasesport.com\/wp-content\/uploads\/2024\/04\/IMG_0067-1024x595.jpg\" alt=\"\" class=\"wp-image-26975\" srcset=\"https:\/\/suasesport.com\/wp-content\/uploads\/2024\/04\/IMG_0067-1024x595.jpg 1024w, https:\/\/suasesport.com\/wp-content\/uploads\/2024\/04\/IMG_0067-300x174.jpg 300w, https:\/\/suasesport.com\/wp-content\/uploads\/2024\/04\/IMG_0067-768x446.jpg 768w, https:\/\/suasesport.com\/wp-content\/uploads\/2024\/04\/IMG_0067-1536x892.jpg 1536w, https:\/\/suasesport.com\/wp-content\/uploads\/2024\/04\/IMG_0067-1080x627.jpg 1080w, https:\/\/suasesport.com\/wp-content\/uploads\/2024\/04\/IMG_0067.jpg 1548w\" sizes=\"auto, (max-width: 1024px) 100vw, 1024px\" \/><\/figure>\n<\/figure>\n\n\n\n<p><\/p>\n\n\n\n<p><\/p>\n\n\n\n<figure class=\"wp-block-gallery has-nested-images columns-default is-cropped wp-block-gallery-3 is-layout-flex wp-block-gallery-is-layout-flex\">\n<figure class=\"wp-block-image size-large\"><img loading=\"lazy\" decoding=\"async\" width=\"1024\" height=\"576\" data-id=\"26979\" src=\"https:\/\/suasesport.com\/wp-content\/uploads\/2024\/04\/IMG_0073-1024x576.jpg\" alt=\"\" class=\"wp-image-26979\" srcset=\"https:\/\/suasesport.com\/wp-content\/uploads\/2024\/04\/IMG_0073-1024x576.jpg 1024w, https:\/\/suasesport.com\/wp-content\/uploads\/2024\/04\/IMG_0073-300x169.jpg 300w, https:\/\/suasesport.com\/wp-content\/uploads\/2024\/04\/IMG_0073-768x432.jpg 768w, https:\/\/suasesport.com\/wp-content\/uploads\/2024\/04\/IMG_0073-1536x864.jpg 1536w, https:\/\/suasesport.com\/wp-content\/uploads\/2024\/04\/IMG_0073-1080x607.jpg 1080w, https:\/\/suasesport.com\/wp-content\/uploads\/2024\/04\/IMG_0073.jpg 1599w\" sizes=\"auto, (max-width: 1024px) 100vw, 1024px\" \/><\/figure>\n<\/figure>\n","protected":false},"excerpt":{"rendered":"<p>D\u00e9nia decidir\u00e1 qu\u00e9 pareja acompa\u00f1ar\u00e1 a De la Vega i Nacho en la final de la Copa Diputaci\u00f3n de Alicante, ma\u00f1ana martes en el trinquet El Rovellet a las 18.30 horas. Su rival saldr\u00e1 del enfrentamiento entre Giner y Nacho contra Franc\u00e9s i Jes\u00fas, \u00e9ste \u00faltimo ha sustituido al lesionado Tom\u00e1s II. Giner i H\u00e9ctor&hellip; <a class=\"more-link\" href=\"https:\/\/suasesport.com\/es\/denia-decide-quien-acompanara-a-de-la-vega-i-nacho-en-la-final-de-la-copa-diputacion-de-alicante\/\">Seguir leyendo <span class=\"screen-reader-text\">D\u00e9nia decide qui\u00e9n acompa\u00f1ar\u00e1 a De la Vega i Nacho en la final de la Copa Diputaci\u00f3n de Alicante<\/span><\/a><\/p>\n","protected":false},"author":1,"featured_media":26964,"comment_status":"open","ping_status":"open","sticky":false,"template":"","format":"standard","meta":{"footnotes":""},"categories":[127,13,128],"tags":[],"class_list":["post-26966","post","type-post","status-publish","format-standard","has-post-thumbnail","hentry","category-escalaicorda","category-pilota","category-raspall","entry"],"_links":{"self":[{"href":"https:\/\/suasesport.com\/es\/wp-json\/wp\/v2\/posts\/26966","targetHints":{"allow":["GET"]}}],"collection":[{"href":"https:\/\/suasesport.com\/es\/wp-json\/wp\/v2\/posts"}],"about":[{"href":"https:\/\/suasesport.com\/es\/wp-json\/wp\/v2\/types\/post"}],"author":[{"embeddable":true,"href":"https:\/\/suasesport.com\/es\/wp-json\/wp\/v2\/users\/1"}],"replies":[{"embeddable":true,"href":"https:\/\/suasesport.com\/es\/wp-json\/wp\/v2\/comments?post=26966"}],"version-history":[{"count":7,"href":"https:\/\/suasesport.com\/es\/wp-json\/wp\/v2\/posts\/26966\/revisions"}],"predecessor-version":[{"id":26981,"href":"https:\/\/suasesport.com\/es\/wp-json\/wp\/v2\/posts\/26966\/revisions\/26981"}],"wp:featuredmedia":[{"embeddable":true,"href":"https:\/\/suasesport.com\/es\/wp-json\/wp\/v2\/media\/26964"}],"wp:attachment":[{"href":"https:\/\/suasesport.com\/es\/wp-json\/wp\/v2\/media?parent=26966"}],"wp:term":[{"taxonomy":"category","embeddable":true,"href":"https:\/\/suasesport.com\/es\/wp-json\/wp\/v2\/categories?post=26966"},{"taxonomy":"post_tag","embeddable":true,"href":"https:\/\/suasesport.com\/es\/wp-json\/wp\/v2\/tags?post=26966"}],"curies":[{"name":"wp","href":"https:\/\/api.w.org\/{rel}","templated":true}]}}