{"id":26789,"date":"2024-04-19T10:15:14","date_gmt":"2024-04-19T09:15:14","guid":{"rendered":"https:\/\/suasesport.com\/?p=26789"},"modified":"2024-04-19T10:33:43","modified_gmt":"2024-04-19T09:33:43","slug":"la-dianense-martina-gil-disputara-con-el-valencia-basket-la-fase-final-autonomica-en-pego","status":"publish","type":"post","link":"https:\/\/suasesport.com\/es\/la-dianense-martina-gil-disputara-con-el-valencia-basket-la-fase-final-autonomica-en-pego\/","title":{"rendered":"La dianense Martina Gil disputar\u00e1 con el Valencia Basket la fase final auton\u00f3mica en Pego\u00a0"},"content":{"rendered":"\n<p>La dianense Martina Gil disputar\u00e1 con el Valencia Basket la fase final auton\u00f3mica j\u00fanior femenina en Pego, que se celebra en el Pabell\u00f3n Municipal Ausi\u00e0s March desde hoy viernes hasta el domingo. Su equipo es uno de los cuatro que luchar\u00e1 por el t\u00edtulo auton\u00f3mico y por estar en el Campeonato de Espa\u00f1a de Clubes. El Valencia Basket se enfrenta esta tarde, en el partido inaugural de la competici\u00f3n, al CBI Elche a las 18 horas. Ma\u00f1ana s\u00e1bado jugar\u00e1 el segundo partido ante Valencia Academy a las 19 h., y el domingo el tercer y \u00faltimo encuentro de la fase final contra el Picken Claret a las 12 horas.&nbsp;<\/p>\n\n\n\n<p>La dianense fich\u00f3 por el Valencia Basket B la temporada pasada en su primer a\u00f1o de categor\u00eda j\u00fanior, en el que se qued\u00f3 a las puertas de disputar el nacional de clubes. Esta temporada juega con el equipo A del Valencia Basket, que tiene como objetivo lograr el t\u00edtulo y jugar el nacional. <\/p>\n\n\n\n<p>Martina se inici\u00f3 en el baloncesto en el D\u00e9nia BC y form\u00f3 parte de la Selecci\u00f3n Valenciana que se colg\u00f3 la medalla de bronce en el Campeonato de Espa\u00f1a Infantil de Selecciones Auton\u00f3micas de 2020.\u00a0En cadete fich\u00f3 con el Terralf\u00e0s, jugando los dos a\u00f1os de la categor\u00eda en el equipo de la Marina Baixa. En su segundo a\u00f1o cadete gan\u00f3 la medalla de oro en el nacional de selecciones. Ese mismo a\u00f1o reforz\u00f3 al equipo j\u00fanior del Terralf\u00e0s que disput\u00f3 el Campeonato de Espa\u00f1a de Clubes y que fue eliminado en octavos de final. El a\u00f1o pasado estuvo en el campeonato de Espa\u00f1a 3&#215;3 que se celebr\u00f3 en Mallorca con el equipo Ontibasket, segundo equipo del Valencia Basket.<\/p>\n","protected":false},"excerpt":{"rendered":"<p>La dianense Martina Gil disputar\u00e1 con el Valencia Basket la fase final auton\u00f3mica j\u00fanior femenina en Pego, que se celebra en el Pabell\u00f3n Municipal Ausi\u00e0s March desde hoy viernes hasta el domingo. Su equipo es uno de los cuatro que luchar\u00e1 por el t\u00edtulo auton\u00f3mico y por estar en el Campeonato de Espa\u00f1a de Clubes.&hellip; <a class=\"more-link\" href=\"https:\/\/suasesport.com\/es\/la-dianense-martina-gil-disputara-con-el-valencia-basket-la-fase-final-autonomica-en-pego\/\">Seguir leyendo <span class=\"screen-reader-text\">La dianense Martina Gil disputar\u00e1 con el Valencia Basket la fase final auton\u00f3mica en Pego\u00a0<\/span><\/a><\/p>\n","protected":false},"author":1,"featured_media":26812,"comment_status":"open","ping_status":"open","sticky":false,"template":"","format":"standard","meta":{"footnotes":""},"categories":[177,8],"tags":[],"class_list":["post-26789","post","type-post","status-publish","format-standard","has-post-thumbnail","hentry","category-b-fem-junior","category-baloncesto","entry"],"_links":{"self":[{"href":"https:\/\/suasesport.com\/es\/wp-json\/wp\/v2\/posts\/26789","targetHints":{"allow":["GET"]}}],"collection":[{"href":"https:\/\/suasesport.com\/es\/wp-json\/wp\/v2\/posts"}],"about":[{"href":"https:\/\/suasesport.com\/es\/wp-json\/wp\/v2\/types\/post"}],"author":[{"embeddable":true,"href":"https:\/\/suasesport.com\/es\/wp-json\/wp\/v2\/users\/1"}],"replies":[{"embeddable":true,"href":"https:\/\/suasesport.com\/es\/wp-json\/wp\/v2\/comments?post=26789"}],"version-history":[{"count":4,"href":"https:\/\/suasesport.com\/es\/wp-json\/wp\/v2\/posts\/26789\/revisions"}],"predecessor-version":[{"id":26799,"href":"https:\/\/suasesport.com\/es\/wp-json\/wp\/v2\/posts\/26789\/revisions\/26799"}],"wp:featuredmedia":[{"embeddable":true,"href":"https:\/\/suasesport.com\/es\/wp-json\/wp\/v2\/media\/26812"}],"wp:attachment":[{"href":"https:\/\/suasesport.com\/es\/wp-json\/wp\/v2\/media?parent=26789"}],"wp:term":[{"taxonomy":"category","embeddable":true,"href":"https:\/\/suasesport.com\/es\/wp-json\/wp\/v2\/categories?post=26789"},{"taxonomy":"post_tag","embeddable":true,"href":"https:\/\/suasesport.com\/es\/wp-json\/wp\/v2\/tags?post=26789"}],"curies":[{"name":"wp","href":"https:\/\/api.w.org\/{rel}","templated":true}]}}