{"id":26330,"date":"2024-04-11T10:16:54","date_gmt":"2024-04-11T09:16:54","guid":{"rendered":"https:\/\/suasesport.com\/?p=26330"},"modified":"2024-04-11T10:16:55","modified_gmt":"2024-04-11T09:16:55","slug":"nueve-pescadores-de-la-comarca-disputan-el-campeonato-autonomico-de-mar-costa","status":"publish","type":"post","link":"https:\/\/suasesport.com\/es\/nueve-pescadores-de-la-comarca-disputan-el-campeonato-autonomico-de-mar-costa\/","title":{"rendered":"Nueve pescadores de la comarca disputan el campeonato auton\u00f3mico de mar-costa \u00a0"},"content":{"rendered":"\n<p>Nueve pescadores de la comarca disputan el Campeonato de la Comunitat Valenciana de Mar-Costa \u201ccaptura y suelta\u201d que se celebra en las playas de Pinar y Gurug\u00fa de Castell\u00f3n este s\u00e1bado. Siete representan al CP El Verger: Jos\u00e9 Antonio Segu\u00ed Pe\u00f1a, Javier Gomar G\u00f3mez, Jos\u00e9 Alfaro Delgado, Ra\u00fal Stivanello Saudelo, Jos\u00e9 P\u00e9rez Rueda, Jos\u00e9 Rubio Escalera y Francisco Javier Ramos Moll; y los otros dos al CP Marina Alta: Juan Marco Aledo Kemmerer y Vicent Estruch Vidal. Este auton\u00f3mico tambi\u00e9n es la \u00faltima prueba clasificatoria para el Campeonato de Espa\u00f1a.&nbsp;<\/p>\n\n\n\n<p>La competici\u00f3n se celebra a dos mangas de tres horas cada una de ellas. La primera empieza a las 19 horas, la segunda a las 23.30 h. y a las\u00a0 2.30 h. se dar\u00e1 por concluida la competici\u00f3n.\u00a0<\/p>\n\n\n\n<p>CONCURSO EN MORAIRA<\/p>\n\n\n\n<p>Por otro lado el CP Marina Alta celebr\u00f3 el segundo concurso de la liga terrenos mixtos en Moraira. Juan Marco Aledo (D\u00e9nia) fue el vencedor, mientras que Bruno Mas (Ondara) y Fran Carre\u00f1o (Gata) quedaron segundo y tercero respectivamente. Aledo adem\u00e1s captur\u00f3 la pieza mayor, una trivia de 805 gramos.&nbsp;<\/p>\n\n\n\n<p>La clasificaci\u00f3n general de la liga terrenos mixtos est\u00e1 as\u00ed: Fran Carre\u00f1o, 5 puntos; Juan Pedro Mart\u00ednez, 6; Juan Marco Aledo, 7; V\u00edctor Pedr\u00f3s, 9; Bruno Mas, 10; Paco Espasa, 14; Aar\u00f3n Malonda, 15; Vicent Estruch, 16; Abdelali Rougui y Gonzalo Soler, 17; Antonio L\u00f3pez y Fernando Escribano, 20; Jos\u00e9 Gasc\u00f3n, Javier Carri\u00f3 y Nicanor, 26.&nbsp;<\/p>\n\n\n\n<p>FOTO PORTADA: Vicent Estruch y Juan Marco Aledo, representantes del CP Marina Alta que participan en el auton\u00f3mico.<\/p>\n\n\n\n<p><\/p>\n\n\n\n<p><\/p>\n\n\n\n<figure class=\"wp-block-gallery has-nested-images columns-default is-cropped wp-block-gallery-2 is-layout-flex wp-block-gallery-is-layout-flex\">\n<figure class=\"wp-block-image size-large\"><img loading=\"lazy\" decoding=\"async\" width=\"1024\" height=\"851\" data-id=\"26328\" src=\"https:\/\/suasesport.com\/wp-content\/uploads\/2024\/04\/IMG20240407135406-2-1024x851.jpg\" alt=\"\" class=\"wp-image-26328\" srcset=\"https:\/\/suasesport.com\/wp-content\/uploads\/2024\/04\/IMG20240407135406-2-1024x851.jpg 1024w, https:\/\/suasesport.com\/wp-content\/uploads\/2024\/04\/IMG20240407135406-2-300x249.jpg 300w, https:\/\/suasesport.com\/wp-content\/uploads\/2024\/04\/IMG20240407135406-2-768x638.jpg 768w, https:\/\/suasesport.com\/wp-content\/uploads\/2024\/04\/IMG20240407135406-2-1536x1276.jpg 1536w, https:\/\/suasesport.com\/wp-content\/uploads\/2024\/04\/IMG20240407135406-2-2048x1702.jpg 2048w, https:\/\/suasesport.com\/wp-content\/uploads\/2024\/04\/IMG20240407135406-2-1080x897.jpg 1080w\" sizes=\"auto, (max-width: 1024px) 100vw, 1024px\" \/><figcaption class=\"wp-element-caption\"><strong><em>Los tres primeros clasificados en el concurso de Moraira. <\/em><\/strong><\/figcaption><\/figure>\n<\/figure>\n","protected":false},"excerpt":{"rendered":"<p>Nueve pescadores de la comarca disputan el Campeonato de la Comunitat Valenciana de Mar-Costa \u201ccaptura y suelta\u201d que se celebra en las playas de Pinar y Gurug\u00fa de Castell\u00f3n este s\u00e1bado. Siete representan al CP El Verger: Jos\u00e9 Antonio Segu\u00ed Pe\u00f1a, Javier Gomar G\u00f3mez, Jos\u00e9 Alfaro Delgado, Ra\u00fal Stivanello Saudelo, Jos\u00e9 P\u00e9rez Rueda, Jos\u00e9 Rubio&hellip; <a class=\"more-link\" href=\"https:\/\/suasesport.com\/es\/nueve-pescadores-de-la-comarca-disputan-el-campeonato-autonomico-de-mar-costa\/\">Seguir leyendo <span class=\"screen-reader-text\">Nueve pescadores de la comarca disputan el campeonato auton\u00f3mico de mar-costa \u00a0<\/span><\/a><\/p>\n","protected":false},"author":1,"featured_media":26335,"comment_status":"open","ping_status":"open","sticky":false,"template":"","format":"standard","meta":{"footnotes":""},"categories":[10,187],"tags":[],"class_list":["post-26330","post","type-post","status-publish","format-standard","has-post-thumbnail","hentry","category-acuaticos","category-pesca","entry"],"_links":{"self":[{"href":"https:\/\/suasesport.com\/es\/wp-json\/wp\/v2\/posts\/26330","targetHints":{"allow":["GET"]}}],"collection":[{"href":"https:\/\/suasesport.com\/es\/wp-json\/wp\/v2\/posts"}],"about":[{"href":"https:\/\/suasesport.com\/es\/wp-json\/wp\/v2\/types\/post"}],"author":[{"embeddable":true,"href":"https:\/\/suasesport.com\/es\/wp-json\/wp\/v2\/users\/1"}],"replies":[{"embeddable":true,"href":"https:\/\/suasesport.com\/es\/wp-json\/wp\/v2\/comments?post=26330"}],"version-history":[{"count":6,"href":"https:\/\/suasesport.com\/es\/wp-json\/wp\/v2\/posts\/26330\/revisions"}],"predecessor-version":[{"id":26342,"href":"https:\/\/suasesport.com\/es\/wp-json\/wp\/v2\/posts\/26330\/revisions\/26342"}],"wp:featuredmedia":[{"embeddable":true,"href":"https:\/\/suasesport.com\/es\/wp-json\/wp\/v2\/media\/26335"}],"wp:attachment":[{"href":"https:\/\/suasesport.com\/es\/wp-json\/wp\/v2\/media?parent=26330"}],"wp:term":[{"taxonomy":"category","embeddable":true,"href":"https:\/\/suasesport.com\/es\/wp-json\/wp\/v2\/categories?post=26330"},{"taxonomy":"post_tag","embeddable":true,"href":"https:\/\/suasesport.com\/es\/wp-json\/wp\/v2\/tags?post=26330"}],"curies":[{"name":"wp","href":"https:\/\/api.w.org\/{rel}","templated":true}]}}