{"id":25599,"date":"2024-03-26T10:33:16","date_gmt":"2024-03-26T09:33:16","guid":{"rendered":"https:\/\/suasesport.com\/?p=25599"},"modified":"2024-03-26T10:59:51","modified_gmt":"2024-03-26T09:59:51","slug":"pego-es-el-epicentro-del-dia-de-lesport-dedicado-este-ano-a-los-juegos-olimpicos-y-paralimpicos","status":"publish","type":"post","link":"https:\/\/suasesport.com\/es\/pego-es-el-epicentro-del-dia-de-lesport-dedicado-este-ano-a-los-juegos-olimpicos-y-paralimpicos\/","title":{"rendered":"Pego es el epicentro del Dia de l\u2019Esport dedicado este a\u00f1o a los Juegos Ol\u00edmpicos y Paral\u00edmpicos"},"content":{"rendered":"\n<p>Pego es hoy el protagonista del Dia de l\u2019Esport, que se celebra cada 26 de marzo. Cerca de trescientos alumnos pegolinos participan en esta jornada dedicada a la promoci\u00f3n de la actividad f\u00edsica y deportiva. La Fundaci\u00f3n Trinidad Alfonso ha decidido que este a\u00f1o Pego sea el epicentro de de este acontecimiento que sirve para conmemorar el D\u00eda Internacional de la Actividad F\u00edsica que se celebra el 6 de abril desde hace nueve a\u00f1os y en el que participan m\u00e1s de 1.100 centros educativos y alrededor de 350.000 ni\u00f1os y ni\u00f1as en toda la Comunitat Valenciana. La tem\u00e1tica escogida para esta edici\u00f3n son los Juegos Ol\u00edmpicos y Paral\u00edmpicos, aprovechando que este a\u00f1o se celebran en Par\u00eds. Unos trescientos ni\u00f1os y ni\u00f1as de Quinto y Sexto de Primaria y de Primero de la ESO,&nbsp; alumnos del aula EUCO del IES Enric Valor, miembros del Taller Ocupacional de la Mancomunitat de Serveis Socials i Turismo de Pego, l\u2019Atzuvia i les Valls, son los que participan en las veinte disciplinas deportivas. La pista de atletismo del Pujol es donde se llevan a cabo las actividades. A las 10.30 horas empezado la actividad f\u00edsica con un calentamiento previo de break dance, a cargo de la monitora local, Eva Morera. Y a partir de las 10.40 horas los alumnos, divididos por grupos, ir\u00e1n participando en las diferentes disciplinas deportivas, a cargo de las federaciones deportivas auton\u00f3micas y clubes deportivos locales.<\/p>\n\n\n\n<p>Dani Olmos, responsable de la Fundaci\u00f3n Trinidad Alfonso, el d\u00eda de la presentaci\u00f3n de este evento destac\u00f3 que \u201chemos escogido a Pego de entre los diferentes candidatos que se han presentado para ser el epicentro de esta jornada deportiva por su predisposici\u00f3n y el buen trabajo que vienen realizando en los \u00faltimos a\u00f1os respecto a la promoci\u00f3n y la pr\u00e1ctica del deporte y la actividad f\u00edsica, es una forma de premiar esta trayectoria\u201d. El concejal de Deportes, Ra\u00fal Tamar\u00edt se\u00f1al\u00f3 que esta \u201cser\u00e1 una jornada muy emocionante puesto que los ni\u00f1os y ni\u00f1as estar\u00e1n en contacto directo con las diferentes asociaciones deportivas del municipio, que tambi\u00e9n colaboran en este evento deportivo\u201d. Tambi\u00e9n agradeci\u00f3 a la Fundaci\u00f3n \u00abpor elegir a Pego como epicentro del D\u00eda del Deporte\u00bb y a los centros educativos y miembros de las diferentes entidades deportivas del municipio por \u00absu implicaci\u00f3n y sus ganas de ayudar a fomentar el deporte, es de agradecer todo su apoyo y colaboraci\u00f3n en estas iniciativas\u201d. Mientras que el t\u00e9cnico de deportes , Josep Llorca, indic\u00f3 que \u201cel objetivo es que adquieran el h\u00e1bito de la actividad f\u00edsica y que puedan conocer y practicar algunos deportes que no conocen o no suelen practicar\u201d.&nbsp;<\/p>\n\n\n\n<p><\/p>\n\n\n\n<p><\/p>\n\n\n\n<figure class=\"wp-block-gallery has-nested-images columns-default is-cropped wp-block-gallery-2 is-layout-flex wp-block-gallery-is-layout-flex\">\n<figure class=\"wp-block-image size-large\"><img loading=\"lazy\" decoding=\"async\" width=\"768\" height=\"1024\" data-id=\"25621\" src=\"https:\/\/suasesport.com\/wp-content\/uploads\/2024\/03\/IMG_9855-768x1024.jpg\" alt=\"\" class=\"wp-image-25621\" srcset=\"https:\/\/suasesport.com\/wp-content\/uploads\/2024\/03\/IMG_9855-768x1024.jpg 768w, https:\/\/suasesport.com\/wp-content\/uploads\/2024\/03\/IMG_9855-225x300.jpg 225w, https:\/\/suasesport.com\/wp-content\/uploads\/2024\/03\/IMG_9855.jpg 810w\" sizes=\"auto, (max-width: 768px) 100vw, 768px\" \/><\/figure>\n<\/figure>\n\n\n\n<p><\/p>\n\n\n\n<p><\/p>\n\n\n\n<figure class=\"wp-block-gallery has-nested-images columns-default is-cropped wp-block-gallery-3 is-layout-flex wp-block-gallery-is-layout-flex\">\n<figure class=\"wp-block-image size-large\"><img loading=\"lazy\" decoding=\"async\" width=\"1024\" height=\"768\" data-id=\"25625\" src=\"https:\/\/suasesport.com\/wp-content\/uploads\/2024\/03\/IMG_9857-1024x768.jpg\" alt=\"\" class=\"wp-image-25625\" srcset=\"https:\/\/suasesport.com\/wp-content\/uploads\/2024\/03\/IMG_9857-1024x768.jpg 1024w, https:\/\/suasesport.com\/wp-content\/uploads\/2024\/03\/IMG_9857-300x225.jpg 300w, https:\/\/suasesport.com\/wp-content\/uploads\/2024\/03\/IMG_9857-768x576.jpg 768w, https:\/\/suasesport.com\/wp-content\/uploads\/2024\/03\/IMG_9857-1536x1152.jpg 1536w, https:\/\/suasesport.com\/wp-content\/uploads\/2024\/03\/IMG_9857-1080x810.jpg 1080w, https:\/\/suasesport.com\/wp-content\/uploads\/2024\/03\/IMG_9857.jpg 2048w\" sizes=\"auto, (max-width: 1024px) 100vw, 1024px\" \/><\/figure>\n<\/figure>\n","protected":false},"excerpt":{"rendered":"<p>Pego es hoy el protagonista del Dia de l\u2019Esport, que se celebra cada 26 de marzo. Cerca de trescientos alumnos pegolinos participan en esta jornada dedicada a la promoci\u00f3n de la actividad f\u00edsica y deportiva. La Fundaci\u00f3n Trinidad Alfonso ha decidido que este a\u00f1o Pego sea el epicentro de de este acontecimiento que sirve para&hellip; <a class=\"more-link\" href=\"https:\/\/suasesport.com\/es\/pego-es-el-epicentro-del-dia-de-lesport-dedicado-este-ano-a-los-juegos-olimpicos-y-paralimpicos\/\">Seguir leyendo <span class=\"screen-reader-text\">Pego es el epicentro del Dia de l\u2019Esport dedicado este a\u00f1o a los Juegos Ol\u00edmpicos y Paral\u00edmpicos<\/span><\/a><\/p>\n","protected":false},"author":1,"featured_media":25601,"comment_status":"open","ping_status":"open","sticky":false,"template":"","format":"standard","meta":{"footnotes":""},"categories":[9],"tags":[],"class_list":["post-25599","post","type-post","status-publish","format-standard","has-post-thumbnail","hentry","category-mas-deporte","entry"],"_links":{"self":[{"href":"https:\/\/suasesport.com\/es\/wp-json\/wp\/v2\/posts\/25599","targetHints":{"allow":["GET"]}}],"collection":[{"href":"https:\/\/suasesport.com\/es\/wp-json\/wp\/v2\/posts"}],"about":[{"href":"https:\/\/suasesport.com\/es\/wp-json\/wp\/v2\/types\/post"}],"author":[{"embeddable":true,"href":"https:\/\/suasesport.com\/es\/wp-json\/wp\/v2\/users\/1"}],"replies":[{"embeddable":true,"href":"https:\/\/suasesport.com\/es\/wp-json\/wp\/v2\/comments?post=25599"}],"version-history":[{"count":10,"href":"https:\/\/suasesport.com\/es\/wp-json\/wp\/v2\/posts\/25599\/revisions"}],"predecessor-version":[{"id":25627,"href":"https:\/\/suasesport.com\/es\/wp-json\/wp\/v2\/posts\/25599\/revisions\/25627"}],"wp:featuredmedia":[{"embeddable":true,"href":"https:\/\/suasesport.com\/es\/wp-json\/wp\/v2\/media\/25601"}],"wp:attachment":[{"href":"https:\/\/suasesport.com\/es\/wp-json\/wp\/v2\/media?parent=25599"}],"wp:term":[{"taxonomy":"category","embeddable":true,"href":"https:\/\/suasesport.com\/es\/wp-json\/wp\/v2\/categories?post=25599"},{"taxonomy":"post_tag","embeddable":true,"href":"https:\/\/suasesport.com\/es\/wp-json\/wp\/v2\/tags?post=25599"}],"curies":[{"name":"wp","href":"https:\/\/api.w.org\/{rel}","templated":true}]}}