{"id":25578,"date":"2024-03-25T20:20:32","date_gmt":"2024-03-25T19:20:32","guid":{"rendered":"https:\/\/suasesport.com\/?p=25578"},"modified":"2024-03-25T20:20:33","modified_gmt":"2024-03-25T19:20:33","slug":"beniarbeig-el-verger-destaca-en-el-autonomico-de-los-jecv-en-el-que-los-comarcales-ganan-cinco-medallas","status":"publish","type":"post","link":"https:\/\/suasesport.com\/es\/beniarbeig-el-verger-destaca-en-el-autonomico-de-los-jecv-en-el-que-los-comarcales-ganan-cinco-medallas\/","title":{"rendered":"Beniarbeig-El Verger destaca en el auton\u00f3mico de los JECV en el que los comarcales ganan cinco medallas"},"content":{"rendered":"\n<p>Beniarbeig El Verger ha sido la escuela m\u00e1s destacada en las finales auton\u00f3micas de raspall de los Jocs Esportius de la Comunitat Valenciana (JECV) al ganar dos oros en las categor\u00edas benjam\u00edn y juvenil, y un bronce en la infantil. A estas tres medallas hay que sumar otras dos, la plata de Ondara A en cadete y el bronce de Gata de Gorgos A en alevines. Las finales auton\u00f3micas se disputaron en Canals el s\u00e1bado.<\/p>\n\n\n\n<p>En categor\u00eda benjam\u00edn, El Verger gan\u00f3 en la final A a Polinya del X\u00faquer de forma clara (20-0), mientras que en la final B, Quatretonda\u00a0B le gan\u00f3 a Almassora (20-0).\u00a0<\/p>\n\n\n\n<p>En categor\u00eda alev\u00edn, en la final B Gata de Gorgos A gan\u00f3 a Almenara (25-0) mientras que en la final A El Genov\u00e9s venci\u00f3 a Piles (25-10).&nbsp;<\/p>\n\n\n\n<p>En categor\u00eda infantil, Beniarbeig-El Verger gan\u00f3 en la final B a Onda (25-0) mientras que El Genov\u00e9s A venci\u00f3 a Oliva A en la final A (25-0).\u00a0<\/p>\n\n\n\n<p>En la categor\u00eda cadete, Ondara A perdi\u00f3 la final A ante Quatretonda A por 5-25, mientras que en la final B Quatretonda A gan\u00f3 a Onda (25-0).&nbsp;<\/p>\n\n\n\n<p>En la final juvenil, Beniarbeig-El Verger gan\u00f3 la final A ante Xeraco B (25-5) mientras que en la final B Quatretonda y Bellreguard empataron a 25 y en el desempate se impuso Quatretonda.&nbsp;<\/p>\n\n\n\n<p>Los trofeos los entregaron entre otros, el alcalde y los concejales de Canals Nacho Mira, Edu Badal y Magdalena Gil; y la vicepresidenta de la Federaci\u00f3 de Pilota Valenciana, Susana Mart\u00ednez.\u00a0<\/p>\n\n\n\n<p>CUADRO DE HONOR:&nbsp;<\/p>\n\n\n\n<p>&#8211; Benjamines: 1. Beniarbeig-El Vergel; 2. Poliny\u00e0 del X\u00faquer; 3. Quatretonda B; 4. Almassora.&nbsp;<\/p>\n\n\n\n<p>&#8211; Alevines: 1. El Genov\u00e9s; 2. Piles; 3. Gata de Gorgos A; 4. Almenara A.<\/p>\n\n\n\n<p>&#8211; Infantiles: 1. El Genov\u00e9s A; 2. Oliva A; 3. Beniarbeig-El Verger; 4. Onda.&nbsp;<\/p>\n\n\n\n<p>&#8211; Cadetes: 1. Quatretonda A; 2. Ondara A; 3. Quatretonda B; 4. Onda.&nbsp;<\/p>\n\n\n\n<p>&#8211; Juveniles: 1. Beniarbeig-El Verger; 2. Xeraco B; 3. Quatretonda; 4. Bellreguard.&nbsp;<\/p>\n\n\n\n<p><\/p>\n\n\n\n<figure class=\"wp-block-gallery has-nested-images columns-default is-cropped wp-block-gallery-2 is-layout-flex wp-block-gallery-is-layout-flex\">\n<figure class=\"wp-block-image size-large\"><img loading=\"lazy\" decoding=\"async\" width=\"1024\" height=\"470\" data-id=\"25576\" src=\"https:\/\/suasesport.com\/wp-content\/uploads\/2024\/03\/Foto.-Podium-juvenil-prov-Autonomic-JECV-raspall-2024-1024x470.jpg\" alt=\"\" class=\"wp-image-25576\" srcset=\"https:\/\/suasesport.com\/wp-content\/uploads\/2024\/03\/Foto.-Podium-juvenil-prov-Autonomic-JECV-raspall-2024-1024x470.jpg 1024w, https:\/\/suasesport.com\/wp-content\/uploads\/2024\/03\/Foto.-Podium-juvenil-prov-Autonomic-JECV-raspall-2024-300x138.jpg 300w, https:\/\/suasesport.com\/wp-content\/uploads\/2024\/03\/Foto.-Podium-juvenil-prov-Autonomic-JECV-raspall-2024-768x353.jpg 768w, https:\/\/suasesport.com\/wp-content\/uploads\/2024\/03\/Foto.-Podium-juvenil-prov-Autonomic-JECV-raspall-2024-1536x706.jpg 1536w, https:\/\/suasesport.com\/wp-content\/uploads\/2024\/03\/Foto.-Podium-juvenil-prov-Autonomic-JECV-raspall-2024-2048x941.jpg 2048w, https:\/\/suasesport.com\/wp-content\/uploads\/2024\/03\/Foto.-Podium-juvenil-prov-Autonomic-JECV-raspall-2024-1080x496.jpg 1080w\" sizes=\"auto, (max-width: 1024px) 100vw, 1024px\" \/><\/figure>\n<\/figure>\n\n\n\n<p><\/p>\n\n\n\n<figure class=\"wp-block-gallery has-nested-images columns-default is-cropped wp-block-gallery-3 is-layout-flex wp-block-gallery-is-layout-flex\">\n<figure class=\"wp-block-image size-large\"><img loading=\"lazy\" decoding=\"async\" width=\"1024\" height=\"542\" data-id=\"25570\" src=\"https:\/\/suasesport.com\/wp-content\/uploads\/2024\/03\/Foto.-Podium-alevi-Autonomic-JECV-raspall-2024-1024x542.jpg\" alt=\"\" class=\"wp-image-25570\" srcset=\"https:\/\/suasesport.com\/wp-content\/uploads\/2024\/03\/Foto.-Podium-alevi-Autonomic-JECV-raspall-2024-1024x542.jpg 1024w, https:\/\/suasesport.com\/wp-content\/uploads\/2024\/03\/Foto.-Podium-alevi-Autonomic-JECV-raspall-2024-300x159.jpg 300w, https:\/\/suasesport.com\/wp-content\/uploads\/2024\/03\/Foto.-Podium-alevi-Autonomic-JECV-raspall-2024-768x407.jpg 768w, https:\/\/suasesport.com\/wp-content\/uploads\/2024\/03\/Foto.-Podium-alevi-Autonomic-JECV-raspall-2024-1536x814.jpg 1536w, https:\/\/suasesport.com\/wp-content\/uploads\/2024\/03\/Foto.-Podium-alevi-Autonomic-JECV-raspall-2024-2048x1085.jpg 2048w, https:\/\/suasesport.com\/wp-content\/uploads\/2024\/03\/Foto.-Podium-alevi-Autonomic-JECV-raspall-2024-1080x572.jpg 1080w\" sizes=\"auto, (max-width: 1024px) 100vw, 1024px\" \/><\/figure>\n<\/figure>\n\n\n\n<p><\/p>\n\n\n\n<p><\/p>\n\n\n\n<figure class=\"wp-block-gallery has-nested-images columns-default is-cropped wp-block-gallery-4 is-layout-flex wp-block-gallery-is-layout-flex\">\n<figure class=\"wp-block-image size-large\"><img loading=\"lazy\" decoding=\"async\" width=\"1024\" height=\"479\" data-id=\"25574\" src=\"https:\/\/suasesport.com\/wp-content\/uploads\/2024\/03\/Foto.-Podium-cadet-Autonomic-JECV-raspall-2024-1024x479.jpg\" alt=\"\" class=\"wp-image-25574\" srcset=\"https:\/\/suasesport.com\/wp-content\/uploads\/2024\/03\/Foto.-Podium-cadet-Autonomic-JECV-raspall-2024-1024x479.jpg 1024w, https:\/\/suasesport.com\/wp-content\/uploads\/2024\/03\/Foto.-Podium-cadet-Autonomic-JECV-raspall-2024-300x140.jpg 300w, https:\/\/suasesport.com\/wp-content\/uploads\/2024\/03\/Foto.-Podium-cadet-Autonomic-JECV-raspall-2024-768x359.jpg 768w, https:\/\/suasesport.com\/wp-content\/uploads\/2024\/03\/Foto.-Podium-cadet-Autonomic-JECV-raspall-2024-1536x718.jpg 1536w, https:\/\/suasesport.com\/wp-content\/uploads\/2024\/03\/Foto.-Podium-cadet-Autonomic-JECV-raspall-2024-2048x957.jpg 2048w, https:\/\/suasesport.com\/wp-content\/uploads\/2024\/03\/Foto.-Podium-cadet-Autonomic-JECV-raspall-2024-1080x505.jpg 1080w\" sizes=\"auto, (max-width: 1024px) 100vw, 1024px\" \/><\/figure>\n<\/figure>\n\n\n\n<p><\/p>\n\n\n\n<figure class=\"wp-block-gallery has-nested-images columns-default is-cropped wp-block-gallery-5 is-layout-flex wp-block-gallery-is-layout-flex\">\n<figure class=\"wp-block-image size-large\"><img loading=\"lazy\" decoding=\"async\" width=\"1024\" height=\"554\" data-id=\"25572\" src=\"https:\/\/suasesport.com\/wp-content\/uploads\/2024\/03\/Foto.-Podium-infantil-Autonomic-JECV-raspall-2024-1024x554.jpg\" alt=\"\" class=\"wp-image-25572\" srcset=\"https:\/\/suasesport.com\/wp-content\/uploads\/2024\/03\/Foto.-Podium-infantil-Autonomic-JECV-raspall-2024-1024x554.jpg 1024w, https:\/\/suasesport.com\/wp-content\/uploads\/2024\/03\/Foto.-Podium-infantil-Autonomic-JECV-raspall-2024-300x162.jpg 300w, https:\/\/suasesport.com\/wp-content\/uploads\/2024\/03\/Foto.-Podium-infantil-Autonomic-JECV-raspall-2024-768x415.jpg 768w, https:\/\/suasesport.com\/wp-content\/uploads\/2024\/03\/Foto.-Podium-infantil-Autonomic-JECV-raspall-2024-1536x831.jpg 1536w, https:\/\/suasesport.com\/wp-content\/uploads\/2024\/03\/Foto.-Podium-infantil-Autonomic-JECV-raspall-2024-2048x1108.jpg 2048w, https:\/\/suasesport.com\/wp-content\/uploads\/2024\/03\/Foto.-Podium-infantil-Autonomic-JECV-raspall-2024-1080x584.jpg 1080w\" sizes=\"auto, (max-width: 1024px) 100vw, 1024px\" \/><\/figure>\n<\/figure>\n","protected":false},"excerpt":{"rendered":"<p>Beniarbeig El Verger ha sido la escuela m\u00e1s destacada en las finales auton\u00f3micas de raspall de los Jocs Esportius de la Comunitat Valenciana (JECV) al ganar dos oros en las categor\u00edas benjam\u00edn y juvenil, y un bronce en la infantil. A estas tres medallas hay que sumar otras dos, la plata de Ondara A en&hellip; <a class=\"more-link\" href=\"https:\/\/suasesport.com\/es\/beniarbeig-el-verger-destaca-en-el-autonomico-de-los-jecv-en-el-que-los-comarcales-ganan-cinco-medallas\/\">Seguir leyendo <span class=\"screen-reader-text\">Beniarbeig-El Verger destaca en el auton\u00f3mico de los JECV en el que los comarcales ganan cinco medallas<\/span><\/a><\/p>\n","protected":false},"author":1,"featured_media":25568,"comment_status":"open","ping_status":"open","sticky":false,"template":"","format":"standard","meta":{"footnotes":""},"categories":[131,13,128],"tags":[],"class_list":["post-25578","post","type-post","status-publish","format-standard","has-post-thumbnail","hentry","category-escuela-pilota","category-pilota","category-raspall","entry"],"_links":{"self":[{"href":"https:\/\/suasesport.com\/es\/wp-json\/wp\/v2\/posts\/25578","targetHints":{"allow":["GET"]}}],"collection":[{"href":"https:\/\/suasesport.com\/es\/wp-json\/wp\/v2\/posts"}],"about":[{"href":"https:\/\/suasesport.com\/es\/wp-json\/wp\/v2\/types\/post"}],"author":[{"embeddable":true,"href":"https:\/\/suasesport.com\/es\/wp-json\/wp\/v2\/users\/1"}],"replies":[{"embeddable":true,"href":"https:\/\/suasesport.com\/es\/wp-json\/wp\/v2\/comments?post=25578"}],"version-history":[{"count":4,"href":"https:\/\/suasesport.com\/es\/wp-json\/wp\/v2\/posts\/25578\/revisions"}],"predecessor-version":[{"id":25587,"href":"https:\/\/suasesport.com\/es\/wp-json\/wp\/v2\/posts\/25578\/revisions\/25587"}],"wp:featuredmedia":[{"embeddable":true,"href":"https:\/\/suasesport.com\/es\/wp-json\/wp\/v2\/media\/25568"}],"wp:attachment":[{"href":"https:\/\/suasesport.com\/es\/wp-json\/wp\/v2\/media?parent=25578"}],"wp:term":[{"taxonomy":"category","embeddable":true,"href":"https:\/\/suasesport.com\/es\/wp-json\/wp\/v2\/categories?post=25578"},{"taxonomy":"post_tag","embeddable":true,"href":"https:\/\/suasesport.com\/es\/wp-json\/wp\/v2\/tags?post=25578"}],"curies":[{"name":"wp","href":"https:\/\/api.w.org\/{rel}","templated":true}]}}