{"id":24564,"date":"2024-03-08T12:06:02","date_gmt":"2024-03-08T11:06:02","guid":{"rendered":"https:\/\/suasesport.com\/?p=24564"},"modified":"2024-03-08T12:06:04","modified_gmt":"2024-03-08T11:06:04","slug":"maria-devesa-xabia-y-joan-buigues-teulada-participan-en-su-primer-campeonato-de-espana-individual","status":"publish","type":"post","link":"https:\/\/suasesport.com\/es\/maria-devesa-xabia-y-joan-buigues-teulada-participan-en-su-primer-campeonato-de-espana-individual\/","title":{"rendered":"Mar\u00eda Devesa (X\u00e0bia) y Joan Buigues (Teulada) participan en su primer Campeonato de Espa\u00f1a Individual\u00a0"},"content":{"rendered":"\n<p>Mar\u00eda Devesa (X\u00e0bia) y Joan Buigues (Teulada), atletas del Bale\u00e0ria Di\u00e0nium participaron por primera vez en un Campeonato de Espa\u00f1a Individual. Lo hicieron en el nacional Sub 16 de Pista Cubierta que se disput\u00f3 en Valencia el pasado s\u00e1bado. Mar\u00eda compiti\u00f3 en los 600 metros lisos y finaliz\u00f3 en el puesto vig\u00e9simo segundo de la general; mientras que Joan lo hizo en los 1.000 lisos y termin\u00f3 d\u00e9cimo segundo de  su semifinal.<\/p>\n\n\n\n<p>La atleta javiense compiti\u00f3 en una de las pruebas m\u00e1s abiertas del nacional, por la igualdad entre las participantes. Mar\u00eda particip\u00f3 en la segunda semifinal de los 600 lisos y qued\u00f3 sexta con un tiempo de 1\u201942\u201d80, en una carrera dif\u00edcil por el poco espacio para maniobrar en la pista.&nbsp;<\/p>\n\n\n\n<p>El teuladino compiti\u00f3 en la segunda semifinal de los 1.000 lisos y termin\u00f3 d\u00e9cimo segundo con un tiempo de 2\u201959\u201d86. Joan no pudo realizar una buena prueba ya que en los primeros 200 metros uno de los participantes le pis\u00f3 y se le sali\u00f3 media zapatilla por lo que tuvo que correr en esas condiciones hasta cruzar la l\u00ednea de meta. Eso hizo que no pudiera luchar por los primeros puestos de su semifinal.&nbsp;<\/p>\n\n\n\n<p>JUANRA POUS, BRONCE NACIONAL EN M40<\/p>\n\n\n\n<p>Juanra Pous gan\u00f3 la medalla de bronce en los 800 metros lisos en el Campeonato de Espa\u00f1a M\u00e1ster en la categor\u00eda M40 que se disput\u00f3 en San Sebasti\u00e1n el s\u00e1bado. El atleta del Bale\u00e0ria Di\u00e0nium realiz\u00f3 una carrera t\u00e1ctica y a pesar de los tropezones logr\u00f3 cruzar la meta en tercera posici\u00f3n con un tiempo de 2\u201904\u201d44.<\/p>\n\n\n\n<figure class=\"wp-block-gallery has-nested-images columns-default is-cropped wp-block-gallery-2 is-layout-flex wp-block-gallery-is-layout-flex\">\n<figure class=\"wp-block-image size-large\"><img loading=\"lazy\" decoding=\"async\" width=\"912\" height=\"882\" data-id=\"24562\" src=\"https:\/\/suasesport.com\/wp-content\/uploads\/2024\/03\/1000046654.jpeg\" alt=\"\" class=\"wp-image-24562\" srcset=\"https:\/\/suasesport.com\/wp-content\/uploads\/2024\/03\/1000046654.jpeg 912w, https:\/\/suasesport.com\/wp-content\/uploads\/2024\/03\/1000046654-300x290.jpeg 300w, https:\/\/suasesport.com\/wp-content\/uploads\/2024\/03\/1000046654-768x743.jpeg 768w\" sizes=\"auto, (max-width: 912px) 100vw, 912px\" \/><\/figure>\n<\/figure>\n\n\n\n<p><\/p>\n","protected":false},"excerpt":{"rendered":"<p>Mar\u00eda Devesa (X\u00e0bia) y Joan Buigues (Teulada), atletas del Bale\u00e0ria Di\u00e0nium participaron por primera vez en un Campeonato de Espa\u00f1a Individual. Lo hicieron en el nacional Sub 16 de Pista Cubierta que se disput\u00f3 en Valencia el pasado s\u00e1bado. Mar\u00eda compiti\u00f3 en los 600 metros lisos y finaliz\u00f3 en el puesto vig\u00e9simo segundo de la&hellip; <a class=\"more-link\" href=\"https:\/\/suasesport.com\/es\/maria-devesa-xabia-y-joan-buigues-teulada-participan-en-su-primer-campeonato-de-espana-individual\/\">Seguir leyendo <span class=\"screen-reader-text\">Mar\u00eda Devesa (X\u00e0bia) y Joan Buigues (Teulada) participan en su primer Campeonato de Espa\u00f1a Individual\u00a0<\/span><\/a><\/p>\n","protected":false},"author":1,"featured_media":24566,"comment_status":"open","ping_status":"open","sticky":false,"template":"","format":"standard","meta":{"footnotes":""},"categories":[11],"tags":[],"class_list":["post-24564","post","type-post","status-publish","format-standard","has-post-thumbnail","hentry","category-atletismo","entry"],"_links":{"self":[{"href":"https:\/\/suasesport.com\/es\/wp-json\/wp\/v2\/posts\/24564","targetHints":{"allow":["GET"]}}],"collection":[{"href":"https:\/\/suasesport.com\/es\/wp-json\/wp\/v2\/posts"}],"about":[{"href":"https:\/\/suasesport.com\/es\/wp-json\/wp\/v2\/types\/post"}],"author":[{"embeddable":true,"href":"https:\/\/suasesport.com\/es\/wp-json\/wp\/v2\/users\/1"}],"replies":[{"embeddable":true,"href":"https:\/\/suasesport.com\/es\/wp-json\/wp\/v2\/comments?post=24564"}],"version-history":[{"count":3,"href":"https:\/\/suasesport.com\/es\/wp-json\/wp\/v2\/posts\/24564\/revisions"}],"predecessor-version":[{"id":24572,"href":"https:\/\/suasesport.com\/es\/wp-json\/wp\/v2\/posts\/24564\/revisions\/24572"}],"wp:featuredmedia":[{"embeddable":true,"href":"https:\/\/suasesport.com\/es\/wp-json\/wp\/v2\/media\/24566"}],"wp:attachment":[{"href":"https:\/\/suasesport.com\/es\/wp-json\/wp\/v2\/media?parent=24564"}],"wp:term":[{"taxonomy":"category","embeddable":true,"href":"https:\/\/suasesport.com\/es\/wp-json\/wp\/v2\/categories?post=24564"},{"taxonomy":"post_tag","embeddable":true,"href":"https:\/\/suasesport.com\/es\/wp-json\/wp\/v2\/tags?post=24564"}],"curies":[{"name":"wp","href":"https:\/\/api.w.org\/{rel}","templated":true}]}}