{"id":24536,"date":"2024-03-08T09:44:13","date_gmt":"2024-03-08T08:44:13","guid":{"rendered":"https:\/\/suasesport.com\/?p=24536"},"modified":"2024-03-08T09:44:15","modified_gmt":"2024-03-08T08:44:15","slug":"cardona-xabia-y-rastell-denia-subcampeon-y-quinta-en-master-en-el-mundial-de-raquetas-de-nieve","status":"publish","type":"post","link":"https:\/\/suasesport.com\/es\/cardona-xabia-y-rastell-denia-subcampeon-y-quinta-en-master-en-el-mundial-de-raquetas-de-nieve\/","title":{"rendered":"Cardona (X\u00e0bia) y Rastell (D\u00e9nia), subcampe\u00f3n y quinta en m\u00e1ster en el mundial de raquetas de nieve\u00a0"},"content":{"rendered":"\n<p>El javiense Ignacio Cardona y la dianense Laurence Rastell han disputado el mundial de raquetas de nieve que se ha celebrado en la estaci\u00f3n superior de Fuente D\u00e9 en el Parque Nacional de los Picos de Europa, en la comarca de Li\u00e9bana (Cantabria). Ignacio Cardona qued\u00f3 subcampe\u00f3n del mundo en la categor\u00eda m\u00e1ster, Veteranos C con un tiempo de 59 minutos, mientras que&nbsp; mientras que Laurence Rastell fue quinta clasificada en Veteranas B con un tiempo de 1 hora y 24 minutos.&nbsp;<\/p>\n\n\n\n<p>El Mundial result\u00f3 muy exigente por gran la nevada y el fuerte viento lo que dificult\u00f3 la visibilidad, por eso los organizadores recortaron el recorrido, que al final fue de 7,2 kil\u00f3metros. Ciento ochenta y tres atletas, que representaron a doce pa\u00edses, participaron en un mundial que ganaron el italiano Alex Baldaccini (44\u201904\u201d) y la argentina Ver\u00f3nica Galv\u00e1n (57\u201933\u201d). Espa\u00f1a se proclam\u00f3 campeona por pa\u00edses. \u00a0<\/p>\n\n\n\n<p>El atleta de X\u00e0bia, que afront\u00f3 el mundial muy resfriado, lo pas\u00f3 mal y a punto estuvo de abandonar en la segunda de las vueltas que ten\u00edan que dar, pero su empe\u00f1o, sacrificio y determinaci\u00f3n le hicieron finalizar la carrera y cruzar la meta en segunda posici\u00f3n en su categor\u00eda.&nbsp;<\/p>\n\n\n\n<p>Laurence Rastell (D\u00e9nia Corre) que afrontaba su tercer mundial y por primera vez como espa\u00f1ola tras conseguir la nacionalidad  hace un mes, qued\u00f3 quinta de su categor\u00eda. La dianense, que fue subcampeona m\u00e1ster en 2018 en Fuente D\u00e9 y bronce por equipos femeninos en Italia en 2019, ha conseguido ser quinta a sus 55 a\u00f1os en la categor\u00eda Veteranas B (49-59 a\u00f1os).<\/p>\n\n\n\n<p><\/p>\n\n\n\n<figure class=\"wp-block-gallery has-nested-images columns-default is-cropped wp-block-gallery-2 is-layout-flex wp-block-gallery-is-layout-flex\">\n<figure class=\"wp-block-image size-large\"><img loading=\"lazy\" decoding=\"async\" width=\"1024\" height=\"683\" data-id=\"24534\" src=\"https:\/\/suasesport.com\/wp-content\/uploads\/2024\/03\/1-1024x683.jpeg\" alt=\"\" class=\"wp-image-24534\" srcset=\"https:\/\/suasesport.com\/wp-content\/uploads\/2024\/03\/1-1024x683.jpeg 1024w, https:\/\/suasesport.com\/wp-content\/uploads\/2024\/03\/1-300x200.jpeg 300w, https:\/\/suasesport.com\/wp-content\/uploads\/2024\/03\/1-768x512.jpeg 768w, https:\/\/suasesport.com\/wp-content\/uploads\/2024\/03\/1-1536x1024.jpeg 1536w, https:\/\/suasesport.com\/wp-content\/uploads\/2024\/03\/1-1080x720.jpeg 1080w, https:\/\/suasesport.com\/wp-content\/uploads\/2024\/03\/1.jpeg 1920w\" sizes=\"auto, (max-width: 1024px) 100vw, 1024px\" \/><\/figure>\n\n\n\n<figure class=\"wp-block-image size-large\"><img loading=\"lazy\" decoding=\"async\" width=\"768\" height=\"1024\" data-id=\"24532\" src=\"https:\/\/suasesport.com\/wp-content\/uploads\/2024\/03\/9-768x1024.jpeg\" alt=\"\" class=\"wp-image-24532\" srcset=\"https:\/\/suasesport.com\/wp-content\/uploads\/2024\/03\/9-768x1024.jpeg 768w, https:\/\/suasesport.com\/wp-content\/uploads\/2024\/03\/9-225x300.jpeg 225w, https:\/\/suasesport.com\/wp-content\/uploads\/2024\/03\/9-1152x1536.jpeg 1152w, https:\/\/suasesport.com\/wp-content\/uploads\/2024\/03\/9-1080x1440.jpeg 1080w, https:\/\/suasesport.com\/wp-content\/uploads\/2024\/03\/9.jpeg 1536w\" sizes=\"auto, (max-width: 768px) 100vw, 768px\" \/><\/figure>\n<\/figure>\n","protected":false},"excerpt":{"rendered":"<p>El javiense Ignacio Cardona y la dianense Laurence Rastell han disputado el mundial de raquetas de nieve que se ha celebrado en la estaci\u00f3n superior de Fuente D\u00e9 en el Parque Nacional de los Picos de Europa, en la comarca de Li\u00e9bana (Cantabria). Ignacio Cardona qued\u00f3 subcampe\u00f3n del mundo en la categor\u00eda m\u00e1ster, Veteranos C&hellip; <a class=\"more-link\" href=\"https:\/\/suasesport.com\/es\/cardona-xabia-y-rastell-denia-subcampeon-y-quinta-en-master-en-el-mundial-de-raquetas-de-nieve\/\">Seguir leyendo <span class=\"screen-reader-text\">Cardona (X\u00e0bia) y Rastell (D\u00e9nia), subcampe\u00f3n y quinta en m\u00e1ster en el mundial de raquetas de nieve\u00a0<\/span><\/a><\/p>\n","protected":false},"author":1,"featured_media":24530,"comment_status":"open","ping_status":"open","sticky":false,"template":"","format":"standard","meta":{"footnotes":""},"categories":[11],"tags":[],"class_list":["post-24536","post","type-post","status-publish","format-standard","has-post-thumbnail","hentry","category-atletismo","entry"],"_links":{"self":[{"href":"https:\/\/suasesport.com\/es\/wp-json\/wp\/v2\/posts\/24536","targetHints":{"allow":["GET"]}}],"collection":[{"href":"https:\/\/suasesport.com\/es\/wp-json\/wp\/v2\/posts"}],"about":[{"href":"https:\/\/suasesport.com\/es\/wp-json\/wp\/v2\/types\/post"}],"author":[{"embeddable":true,"href":"https:\/\/suasesport.com\/es\/wp-json\/wp\/v2\/users\/1"}],"replies":[{"embeddable":true,"href":"https:\/\/suasesport.com\/es\/wp-json\/wp\/v2\/comments?post=24536"}],"version-history":[{"count":7,"href":"https:\/\/suasesport.com\/es\/wp-json\/wp\/v2\/posts\/24536\/revisions"}],"predecessor-version":[{"id":24547,"href":"https:\/\/suasesport.com\/es\/wp-json\/wp\/v2\/posts\/24536\/revisions\/24547"}],"wp:featuredmedia":[{"embeddable":true,"href":"https:\/\/suasesport.com\/es\/wp-json\/wp\/v2\/media\/24530"}],"wp:attachment":[{"href":"https:\/\/suasesport.com\/es\/wp-json\/wp\/v2\/media?parent=24536"}],"wp:term":[{"taxonomy":"category","embeddable":true,"href":"https:\/\/suasesport.com\/es\/wp-json\/wp\/v2\/categories?post=24536"},{"taxonomy":"post_tag","embeddable":true,"href":"https:\/\/suasesport.com\/es\/wp-json\/wp\/v2\/tags?post=24536"}],"curies":[{"name":"wp","href":"https:\/\/api.w.org\/{rel}","templated":true}]}}