{"id":24408,"date":"2024-03-06T10:13:46","date_gmt":"2024-03-06T09:13:46","guid":{"rendered":"https:\/\/suasesport.com\/?p=24408"},"modified":"2024-03-06T10:18:02","modified_gmt":"2024-03-06T09:18:02","slug":"jaume-castano-denia-y-anna-korecka-calpe-plata-y-bronce-en-el-autonomico-ilca-6-de-denia","status":"publish","type":"post","link":"https:\/\/suasesport.com\/es\/jaume-castano-denia-y-anna-korecka-calpe-plata-y-bronce-en-el-autonomico-ilca-6-de-denia\/","title":{"rendered":"Jaume Casta\u00f1o (D\u00e9nia) y Anna Korecka (Calpe), plata y bronce en el auton\u00f3mico ILCA 6 de D\u00e9nia \u00a0"},"content":{"rendered":"\n<p>El dianense Jaume y la calpina Anna Korecka subieron al podio del Campeonato Auton\u00f3mico de ILCA 6 que organiz\u00f3 el RCN D\u00e9nia al ganar las medallas de plata y bronce en las categor\u00edas absoluta masculina y U19 femenina. El campeonato que estuvo marcado por el fuerte viento lo que oblig\u00f3 a los organizadores suspender una de las cinco mangas del s\u00e1bado y todas las del domingo.&nbsp;<\/p>\n\n\n\n<p>Treinta y ocho regatistas compitieron en este auton\u00f3mico en el que al final tan solo puntuaron tres de las cuatro mangas que se realizaron el s\u00e1bado ya que por se anul\u00f3 la cuarta manga al superar las rachas de viento los 50 kil\u00f3metros hora. As\u00ed tras las tres mangas, la mejor de todos fue Sheila Mart\u00ednez (CN Campello) que qued\u00f3 primera en la clasificaci\u00f3n general de ILCA 6 al conseguir dos primeros puestos y un quinto y que se llevo el oro en la categor\u00eda absoluta femenina. Jaume Casta\u00f1o (RCN D\u00e9nia) qued\u00f3 sexto de la general, segundo en la absoluta masculina y U19, con un total de 20 puntos tras lograr dos s\u00e9ptimos puestos y un sexto. Anna Korecka (RCN Calpe), qued\u00f3 d\u00e9cimo cuarta en la general y tercera en la U19 femenina con un total de 44 puntos sumados tras quedar d\u00e9cimo segunda en la primera manga, d\u00e9cimo tercera en la segunda y d\u00e9cimo novena en la tercera.&nbsp;<\/p>\n\n\n\n<p>Eduardo Revert, representantes de la Federaci\u00f3n Valenciana de Vela; Jaime Portol\u00e9s, presidente del RCN D\u00e9nia; y Juan Riera, vicepresidente del club, fueron los encargados de repartir las medallas.&nbsp;<\/p>\n\n\n\n<p>CLASIFICACIONES&nbsp;<\/p>\n\n\n\n<p>&#8211; Absoluta: 1. Sheila Mart\u00ednez (CN Campello) y Pablo Bellver (RCN Valencia); 2. Ascensi\u00f3n Roca (RCN Torrevieja) y Jaume Casta\u00f1o (RCN D\u00e9nia); 3. Adriana Castro (RCNT) y Milosz Krolikowski (RCNT).&nbsp;<\/p>\n\n\n\n<p>&#8211; U19: 1. Adriana Castro (RCNT) y Pablo Bellvert (RCNV); 2. Irene Tom\u00e1s (RCNV) y Jaume Casta\u00f1o (RCND); 3. Anna Korecka (RCN Calpe) y Adam Krolikowski (RCNT).&nbsp;<\/p>\n\n\n\n<p>-U21: 1. Marina Serrra (CN Santa Pola); 2. Claudia Lled\u00f3 (CN Santa Pola).&nbsp;<\/p>\n\n\n\n<p>&#8211; U17: 1. Leo Gri\u00f1\u00e1n (RCNT) y Clara Garc\u00eda (CN Altea); 2. David Palacios (RCNT) y Clara Casta\u00f1o (RCND); 3. Jorge Santos (RCNT).&nbsp;<\/p>\n\n\n\n<p><\/p>\n\n\n\n<p><\/p>\n\n\n\n<figure class=\"wp-block-gallery has-nested-images columns-default is-cropped wp-block-gallery-2 is-layout-flex wp-block-gallery-is-layout-flex\">\n<figure class=\"wp-block-image size-large\"><img loading=\"lazy\" decoding=\"async\" width=\"1024\" height=\"682\" data-id=\"24410\" src=\"https:\/\/suasesport.com\/wp-content\/uploads\/2024\/03\/DSC_0490-1024x682.jpeg\" alt=\"\" class=\"wp-image-24410\" srcset=\"https:\/\/suasesport.com\/wp-content\/uploads\/2024\/03\/DSC_0490-1024x682.jpeg 1024w, https:\/\/suasesport.com\/wp-content\/uploads\/2024\/03\/DSC_0490-300x200.jpeg 300w, https:\/\/suasesport.com\/wp-content\/uploads\/2024\/03\/DSC_0490-768x512.jpeg 768w, https:\/\/suasesport.com\/wp-content\/uploads\/2024\/03\/DSC_0490-1080x720.jpeg 1080w, https:\/\/suasesport.com\/wp-content\/uploads\/2024\/03\/DSC_0490.jpeg 1280w\" sizes=\"auto, (max-width: 1024px) 100vw, 1024px\" \/><\/figure>\n<\/figure>\n\n\n\n<p><\/p>\n\n\n\n<p><\/p>\n\n\n\n<figure class=\"wp-block-gallery has-nested-images columns-default is-cropped wp-block-gallery-3 is-layout-flex wp-block-gallery-is-layout-flex\">\n<figure class=\"wp-block-image size-large\"><img loading=\"lazy\" decoding=\"async\" width=\"1024\" height=\"682\" data-id=\"24414\" src=\"https:\/\/suasesport.com\/wp-content\/uploads\/2024\/03\/DSC_0162marineria-1024x682.jpeg\" alt=\"\" class=\"wp-image-24414\" srcset=\"https:\/\/suasesport.com\/wp-content\/uploads\/2024\/03\/DSC_0162marineria-1024x682.jpeg 1024w, https:\/\/suasesport.com\/wp-content\/uploads\/2024\/03\/DSC_0162marineria-300x200.jpeg 300w, https:\/\/suasesport.com\/wp-content\/uploads\/2024\/03\/DSC_0162marineria-768x512.jpeg 768w, https:\/\/suasesport.com\/wp-content\/uploads\/2024\/03\/DSC_0162marineria-1080x720.jpeg 1080w, https:\/\/suasesport.com\/wp-content\/uploads\/2024\/03\/DSC_0162marineria.jpeg 1280w\" sizes=\"auto, (max-width: 1024px) 100vw, 1024px\" \/><\/figure>\n<\/figure>\n\n\n\n<p><\/p>\n\n\n\n<p><\/p>\n\n\n\n<figure class=\"wp-block-gallery has-nested-images columns-default is-cropped wp-block-gallery-4 is-layout-flex wp-block-gallery-is-layout-flex\">\n<figure class=\"wp-block-image size-large\"><img loading=\"lazy\" decoding=\"async\" width=\"1024\" height=\"682\" data-id=\"24425\" src=\"https:\/\/suasesport.com\/wp-content\/uploads\/2024\/03\/DSC_0409marineria-1024x682.jpeg\" alt=\"\" class=\"wp-image-24425\" srcset=\"https:\/\/suasesport.com\/wp-content\/uploads\/2024\/03\/DSC_0409marineria-1024x682.jpeg 1024w, https:\/\/suasesport.com\/wp-content\/uploads\/2024\/03\/DSC_0409marineria-300x200.jpeg 300w, https:\/\/suasesport.com\/wp-content\/uploads\/2024\/03\/DSC_0409marineria-768x512.jpeg 768w, https:\/\/suasesport.com\/wp-content\/uploads\/2024\/03\/DSC_0409marineria-1080x720.jpeg 1080w, https:\/\/suasesport.com\/wp-content\/uploads\/2024\/03\/DSC_0409marineria.jpeg 1280w\" sizes=\"auto, (max-width: 1024px) 100vw, 1024px\" \/><\/figure>\n\n\n\n<figure class=\"wp-block-image size-large\"><img loading=\"lazy\" decoding=\"async\" width=\"1024\" height=\"682\" data-id=\"24427\" src=\"https:\/\/suasesport.com\/wp-content\/uploads\/2024\/03\/DSC_0382marineria-1024x682.jpeg\" alt=\"\" class=\"wp-image-24427\" srcset=\"https:\/\/suasesport.com\/wp-content\/uploads\/2024\/03\/DSC_0382marineria-1024x682.jpeg 1024w, https:\/\/suasesport.com\/wp-content\/uploads\/2024\/03\/DSC_0382marineria-300x200.jpeg 300w, https:\/\/suasesport.com\/wp-content\/uploads\/2024\/03\/DSC_0382marineria-768x512.jpeg 768w, https:\/\/suasesport.com\/wp-content\/uploads\/2024\/03\/DSC_0382marineria-1080x720.jpeg 1080w, https:\/\/suasesport.com\/wp-content\/uploads\/2024\/03\/DSC_0382marineria.jpeg 1280w\" sizes=\"auto, (max-width: 1024px) 100vw, 1024px\" \/><\/figure>\n<\/figure>\n","protected":false},"excerpt":{"rendered":"<p>El dianense Jaume y la calpina Anna Korecka subieron al podio del Campeonato Auton\u00f3mico de ILCA 6 que organiz\u00f3 el RCN D\u00e9nia al ganar las medallas de plata y bronce en las categor\u00edas absoluta masculina y U19 femenina. El campeonato que estuvo marcado por el fuerte viento lo que oblig\u00f3 a los organizadores suspender una&hellip; <a class=\"more-link\" href=\"https:\/\/suasesport.com\/es\/jaume-castano-denia-y-anna-korecka-calpe-plata-y-bronce-en-el-autonomico-ilca-6-de-denia\/\">Seguir leyendo <span class=\"screen-reader-text\">Jaume Casta\u00f1o (D\u00e9nia) y Anna Korecka (Calpe), plata y bronce en el auton\u00f3mico ILCA 6 de D\u00e9nia \u00a0<\/span><\/a><\/p>\n","protected":false},"author":1,"featured_media":24412,"comment_status":"open","ping_status":"open","sticky":false,"template":"","format":"standard","meta":{"footnotes":""},"categories":[10,14],"tags":[],"class_list":["post-24408","post","type-post","status-publish","format-standard","has-post-thumbnail","hentry","category-acuaticos","category-vela","entry"],"_links":{"self":[{"href":"https:\/\/suasesport.com\/es\/wp-json\/wp\/v2\/posts\/24408","targetHints":{"allow":["GET"]}}],"collection":[{"href":"https:\/\/suasesport.com\/es\/wp-json\/wp\/v2\/posts"}],"about":[{"href":"https:\/\/suasesport.com\/es\/wp-json\/wp\/v2\/types\/post"}],"author":[{"embeddable":true,"href":"https:\/\/suasesport.com\/es\/wp-json\/wp\/v2\/users\/1"}],"replies":[{"embeddable":true,"href":"https:\/\/suasesport.com\/es\/wp-json\/wp\/v2\/comments?post=24408"}],"version-history":[{"count":6,"href":"https:\/\/suasesport.com\/es\/wp-json\/wp\/v2\/posts\/24408\/revisions"}],"predecessor-version":[{"id":24429,"href":"https:\/\/suasesport.com\/es\/wp-json\/wp\/v2\/posts\/24408\/revisions\/24429"}],"wp:featuredmedia":[{"embeddable":true,"href":"https:\/\/suasesport.com\/es\/wp-json\/wp\/v2\/media\/24412"}],"wp:attachment":[{"href":"https:\/\/suasesport.com\/es\/wp-json\/wp\/v2\/media?parent=24408"}],"wp:term":[{"taxonomy":"category","embeddable":true,"href":"https:\/\/suasesport.com\/es\/wp-json\/wp\/v2\/categories?post=24408"},{"taxonomy":"post_tag","embeddable":true,"href":"https:\/\/suasesport.com\/es\/wp-json\/wp\/v2\/tags?post=24408"}],"curies":[{"name":"wp","href":"https:\/\/api.w.org\/{rel}","templated":true}]}}