{"id":24043,"date":"2024-02-28T13:26:34","date_gmt":"2024-02-28T12:26:34","guid":{"rendered":"https:\/\/suasesport.com\/?p=24043"},"modified":"2024-02-28T13:27:01","modified_gmt":"2024-02-28T12:27:01","slug":"siete-jugadoras-de-la-comarca-disputan-las-fases-finales-autonomicas-individuales-de-los-jecv","status":"publish","type":"post","link":"https:\/\/suasesport.com\/es\/siete-jugadoras-de-la-comarca-disputan-las-fases-finales-autonomicas-individuales-de-los-jecv\/","title":{"rendered":"Siete jugadoras de la comarca disputan las fases finales auton\u00f3micas individuales de los JECV\u00a0"},"content":{"rendered":"\n<p>Siete jugadoras de la Marina Alta disputan las fases auton\u00f3micas individuales de raspall femen\u00ed de la cuadrag\u00e9simo segunda edici\u00f3n de los JECV (Jocs Esportius Escolars) que se celebran en Favara viernes y domingo. La Escuela de Beniarbeig-El Verger cuenta para estas finales con dos representantes Mar\u00eda (juvenil) y Sara (cadete); Laguar tiene tres representantes: Amy en infantil, y Mar\u00eda y Carmen en alevines. Ondara tiene una, Alma en categor\u00eda infantil; y Gata una, Jade en la benjam\u00edn.\u00a0<\/p>\n\n\n\n<p>Las finales individuales juvenil y cadete se disputan el viernes. En juveniles participan a partir de las 17.45 horas: Andrea (Carlet-Volea), Luc\u00eda (Alzira), Mar\u00eda (Beniarbeig-El Verger) y Reyes (Finestrat). En cadetes compiten a partir de las 19 h.: Leyre (Torrent), Laura (El Genov\u00e9s), Sara (Beniarbeig-El Verger) y Mar (Muro d\u2019Alcoi).&nbsp;<\/p>\n\n\n\n<p>Las finales individuales infantil, alev\u00edn y benjam\u00edn el domingo. En categor\u00eda infantil participan a partir de las 9 horas: Aina (Oliva), Anna (Carlet-Volea), Mar\u00eda (El Genov\u00e9s), Amy (Laguar), \u00c9rica (Alc\u00e0sser), Gemma (Carlet), Irene (La Baron\u00eda) y Alma (Ondara). En alev\u00edn compiten a partir de las 11.30 h.: Carmen (Laguar), Nagore (Quatretonda), Andrea (Almenara), Anna (Alc\u00e0sser), Mar\u00eda (Laguar) y Aina (Sella-Relleu). En benjam\u00edn lo hacen a partir de las 16 h.: Jade (Gata), Adriana (La Baron\u00eda), Ainhoa (Meliana), Laia (Ontinyent), Carla (Moixent), Vera (Pelayo), Altea (Massalfassar) y Cloe (Llosa de Ranes).&nbsp;<\/p>\n\n\n\n<p><\/p>\n\n\n\n<figure class=\"wp-block-gallery has-nested-images columns-default is-cropped wp-block-gallery-2 is-layout-flex wp-block-gallery-is-layout-flex\">\n<figure class=\"wp-block-image size-large\"><img loading=\"lazy\" decoding=\"async\" width=\"1024\" height=\"887\" data-id=\"24059\" src=\"https:\/\/suasesport.com\/wp-content\/uploads\/2024\/02\/foto.-Sara-de-Beniarbeig-Verger-1024x887.jpg\" alt=\"\" class=\"wp-image-24059\" srcset=\"https:\/\/suasesport.com\/wp-content\/uploads\/2024\/02\/foto.-Sara-de-Beniarbeig-Verger-1024x887.jpg 1024w, https:\/\/suasesport.com\/wp-content\/uploads\/2024\/02\/foto.-Sara-de-Beniarbeig-Verger-300x260.jpg 300w, https:\/\/suasesport.com\/wp-content\/uploads\/2024\/02\/foto.-Sara-de-Beniarbeig-Verger-768x666.jpg 768w, https:\/\/suasesport.com\/wp-content\/uploads\/2024\/02\/foto.-Sara-de-Beniarbeig-Verger-1536x1331.jpg 1536w, https:\/\/suasesport.com\/wp-content\/uploads\/2024\/02\/foto.-Sara-de-Beniarbeig-Verger-2048x1775.jpg 2048w, https:\/\/suasesport.com\/wp-content\/uploads\/2024\/02\/foto.-Sara-de-Beniarbeig-Verger-1080x936.jpg 1080w\" sizes=\"auto, (max-width: 1024px) 100vw, 1024px\" \/><\/figure>\n\n\n\n<figure class=\"wp-block-image size-large\"><img loading=\"lazy\" decoding=\"async\" width=\"1019\" height=\"1024\" data-id=\"24061\" src=\"https:\/\/suasesport.com\/wp-content\/uploads\/2024\/02\/foto.-Maria-de-Laguar-rspant-1019x1024.jpg\" alt=\"\" class=\"wp-image-24061\" srcset=\"https:\/\/suasesport.com\/wp-content\/uploads\/2024\/02\/foto.-Maria-de-Laguar-rspant-1019x1024.jpg 1019w, https:\/\/suasesport.com\/wp-content\/uploads\/2024\/02\/foto.-Maria-de-Laguar-rspant-300x300.jpg 300w, https:\/\/suasesport.com\/wp-content\/uploads\/2024\/02\/foto.-Maria-de-Laguar-rspant-150x150.jpg 150w, https:\/\/suasesport.com\/wp-content\/uploads\/2024\/02\/foto.-Maria-de-Laguar-rspant-768x772.jpg 768w, https:\/\/suasesport.com\/wp-content\/uploads\/2024\/02\/foto.-Maria-de-Laguar-rspant-1529x1536.jpg 1529w, https:\/\/suasesport.com\/wp-content\/uploads\/2024\/02\/foto.-Maria-de-Laguar-rspant-2038x2048.jpg 2038w, https:\/\/suasesport.com\/wp-content\/uploads\/2024\/02\/foto.-Maria-de-Laguar-rspant-1080x1085.jpg 1080w\" sizes=\"auto, (max-width: 1019px) 100vw, 1019px\" \/><\/figure>\n<\/figure>\n\n\n\n<p><\/p>\n\n\n\n<p><\/p>\n\n\n\n<figure class=\"wp-block-gallery has-nested-images columns-default is-cropped wp-block-gallery-3 is-layout-flex wp-block-gallery-is-layout-flex\">\n<figure class=\"wp-block-image size-large\"><img loading=\"lazy\" decoding=\"async\" width=\"976\" height=\"1024\" data-id=\"24063\" src=\"https:\/\/suasesport.com\/wp-content\/uploads\/2024\/02\/foto.-Amy-Laguar-976x1024.jpg\" alt=\"\" class=\"wp-image-24063\" srcset=\"https:\/\/suasesport.com\/wp-content\/uploads\/2024\/02\/foto.-Amy-Laguar-976x1024.jpg 976w, https:\/\/suasesport.com\/wp-content\/uploads\/2024\/02\/foto.-Amy-Laguar-286x300.jpg 286w, https:\/\/suasesport.com\/wp-content\/uploads\/2024\/02\/foto.-Amy-Laguar-768x806.jpg 768w, https:\/\/suasesport.com\/wp-content\/uploads\/2024\/02\/foto.-Amy-Laguar-1464x1536.jpg 1464w, https:\/\/suasesport.com\/wp-content\/uploads\/2024\/02\/foto.-Amy-Laguar-1080x1133.jpg 1080w, https:\/\/suasesport.com\/wp-content\/uploads\/2024\/02\/foto.-Amy-Laguar.jpg 1641w\" sizes=\"auto, (max-width: 976px) 100vw, 976px\" \/><\/figure>\n\n\n\n<figure class=\"wp-block-image size-large\"><img loading=\"lazy\" decoding=\"async\" width=\"1024\" height=\"741\" data-id=\"24065\" src=\"https:\/\/suasesport.com\/wp-content\/uploads\/2024\/02\/fot.-Carmen-Laguar-1024x741.jpg\" alt=\"\" class=\"wp-image-24065\" srcset=\"https:\/\/suasesport.com\/wp-content\/uploads\/2024\/02\/fot.-Carmen-Laguar-1024x741.jpg 1024w, https:\/\/suasesport.com\/wp-content\/uploads\/2024\/02\/fot.-Carmen-Laguar-300x217.jpg 300w, https:\/\/suasesport.com\/wp-content\/uploads\/2024\/02\/fot.-Carmen-Laguar-768x556.jpg 768w, https:\/\/suasesport.com\/wp-content\/uploads\/2024\/02\/fot.-Carmen-Laguar-1536x1112.jpg 1536w, https:\/\/suasesport.com\/wp-content\/uploads\/2024\/02\/fot.-Carmen-Laguar-1080x782.jpg 1080w, https:\/\/suasesport.com\/wp-content\/uploads\/2024\/02\/fot.-Carmen-Laguar.jpg 1829w\" sizes=\"auto, (max-width: 1024px) 100vw, 1024px\" \/><\/figure>\n<\/figure>\n\n\n\n<p><\/p>\n\n\n\n<p><\/p>\n\n\n\n<figure class=\"wp-block-gallery has-nested-images columns-default is-cropped wp-block-gallery-4 is-layout-flex wp-block-gallery-is-layout-flex\">\n<figure class=\"wp-block-image size-large\"><img loading=\"lazy\" decoding=\"async\" width=\"755\" height=\"1024\" data-id=\"24067\" src=\"https:\/\/suasesport.com\/wp-content\/uploads\/2024\/02\/foto.-Jade-Gata-Gorgos-755x1024.jpg\" alt=\"\" class=\"wp-image-24067\" srcset=\"https:\/\/suasesport.com\/wp-content\/uploads\/2024\/02\/foto.-Jade-Gata-Gorgos-755x1024.jpg 755w, https:\/\/suasesport.com\/wp-content\/uploads\/2024\/02\/foto.-Jade-Gata-Gorgos-221x300.jpg 221w, https:\/\/suasesport.com\/wp-content\/uploads\/2024\/02\/foto.-Jade-Gata-Gorgos-768x1042.jpg 768w, https:\/\/suasesport.com\/wp-content\/uploads\/2024\/02\/foto.-Jade-Gata-Gorgos-1132x1536.jpg 1132w, https:\/\/suasesport.com\/wp-content\/uploads\/2024\/02\/foto.-Jade-Gata-Gorgos-1509x2048.jpg 1509w, https:\/\/suasesport.com\/wp-content\/uploads\/2024\/02\/foto.-Jade-Gata-Gorgos-1080x1465.jpg 1080w, https:\/\/suasesport.com\/wp-content\/uploads\/2024\/02\/foto.-Jade-Gata-Gorgos.jpg 1698w\" sizes=\"auto, (max-width: 755px) 100vw, 755px\" \/><\/figure>\n\n\n\n<figure class=\"wp-block-image size-large\"><img loading=\"lazy\" decoding=\"async\" width=\"1024\" height=\"705\" data-id=\"24069\" src=\"https:\/\/suasesport.com\/wp-content\/uploads\/2024\/02\/foto.-Maria-Beniarbeig-El-Verger-1024x705.jpg\" alt=\"\" class=\"wp-image-24069\" srcset=\"https:\/\/suasesport.com\/wp-content\/uploads\/2024\/02\/foto.-Maria-Beniarbeig-El-Verger-1024x705.jpg 1024w, https:\/\/suasesport.com\/wp-content\/uploads\/2024\/02\/foto.-Maria-Beniarbeig-El-Verger-300x207.jpg 300w, https:\/\/suasesport.com\/wp-content\/uploads\/2024\/02\/foto.-Maria-Beniarbeig-El-Verger-768x529.jpg 768w, https:\/\/suasesport.com\/wp-content\/uploads\/2024\/02\/foto.-Maria-Beniarbeig-El-Verger-1536x1058.jpg 1536w, https:\/\/suasesport.com\/wp-content\/uploads\/2024\/02\/foto.-Maria-Beniarbeig-El-Verger-2048x1411.jpg 2048w, https:\/\/suasesport.com\/wp-content\/uploads\/2024\/02\/foto.-Maria-Beniarbeig-El-Verger-1080x744.jpg 1080w\" sizes=\"auto, (max-width: 1024px) 100vw, 1024px\" \/><\/figure>\n<\/figure>\n","protected":false},"excerpt":{"rendered":"<p>Siete jugadoras de la Marina Alta disputan las fases auton\u00f3micas individuales de raspall femen\u00ed de la cuadrag\u00e9simo segunda edici\u00f3n de los JECV (Jocs Esportius Escolars) que se celebran en Favara viernes y domingo. La Escuela de Beniarbeig-El Verger cuenta para estas finales con dos representantes Mar\u00eda (juvenil) y Sara (cadete); Laguar tiene tres representantes: Amy&hellip; <a class=\"more-link\" href=\"https:\/\/suasesport.com\/es\/siete-jugadoras-de-la-comarca-disputan-las-fases-finales-autonomicas-individuales-de-los-jecv\/\">Seguir leyendo <span class=\"screen-reader-text\">Siete jugadoras de la comarca disputan las fases finales auton\u00f3micas individuales de los JECV\u00a0<\/span><\/a><\/p>\n","protected":false},"author":1,"featured_media":24071,"comment_status":"open","ping_status":"open","sticky":false,"template":"","format":"standard","meta":{"footnotes":""},"categories":[13,128],"tags":[],"class_list":["post-24043","post","type-post","status-publish","format-standard","has-post-thumbnail","hentry","category-pilota","category-raspall","entry"],"_links":{"self":[{"href":"https:\/\/suasesport.com\/es\/wp-json\/wp\/v2\/posts\/24043","targetHints":{"allow":["GET"]}}],"collection":[{"href":"https:\/\/suasesport.com\/es\/wp-json\/wp\/v2\/posts"}],"about":[{"href":"https:\/\/suasesport.com\/es\/wp-json\/wp\/v2\/types\/post"}],"author":[{"embeddable":true,"href":"https:\/\/suasesport.com\/es\/wp-json\/wp\/v2\/users\/1"}],"replies":[{"embeddable":true,"href":"https:\/\/suasesport.com\/es\/wp-json\/wp\/v2\/comments?post=24043"}],"version-history":[{"count":8,"href":"https:\/\/suasesport.com\/es\/wp-json\/wp\/v2\/posts\/24043\/revisions"}],"predecessor-version":[{"id":24077,"href":"https:\/\/suasesport.com\/es\/wp-json\/wp\/v2\/posts\/24043\/revisions\/24077"}],"wp:featuredmedia":[{"embeddable":true,"href":"https:\/\/suasesport.com\/es\/wp-json\/wp\/v2\/media\/24071"}],"wp:attachment":[{"href":"https:\/\/suasesport.com\/es\/wp-json\/wp\/v2\/media?parent=24043"}],"wp:term":[{"taxonomy":"category","embeddable":true,"href":"https:\/\/suasesport.com\/es\/wp-json\/wp\/v2\/categories?post=24043"},{"taxonomy":"post_tag","embeddable":true,"href":"https:\/\/suasesport.com\/es\/wp-json\/wp\/v2\/tags?post=24043"}],"curies":[{"name":"wp","href":"https:\/\/api.w.org\/{rel}","templated":true}]}}