{"id":23939,"date":"2024-02-26T13:30:57","date_gmt":"2024-02-26T12:30:57","guid":{"rendered":"https:\/\/suasesport.com\/?p=23939"},"modified":"2024-02-26T13:30:59","modified_gmt":"2024-02-26T12:30:59","slug":"el-xxvii-memorial-samuel-llorca-se-disputa-el-domingo-en-denia","status":"publish","type":"post","link":"https:\/\/suasesport.com\/es\/el-xxvii-memorial-samuel-llorca-se-disputa-el-domingo-en-denia\/","title":{"rendered":"El XXVII Memorial Samuel Llorca se disputa el domingo en D\u00e9nia\u00a0"},"content":{"rendered":"\n<p>La vig\u00e9simo s\u00e9ptima edici\u00f3n del Memorial Samuel Llorca Redondo se disputa el domingo y est\u00e1 organizada por el CC D\u00e9nia. El memorial se hace en recuerdo del ciclista dianense que falleci\u00f3 tras sufrir accidente de tr\u00e1fico mientras entrenaba en la carretera de Les Planes. Un a\u00f1o m\u00e1s los mejores ciclistas de las categor\u00edas cadete y j\u00fanior (masculino y femenino), Sub 21 (masculino), Sub 23 (masculino) y \u00c9lite (femenina), se dan cita en D\u00e9nia. El Memorial, que comenzar\u00e1 a las 9.30 horas, se realizar\u00e1 por un circuito urbano de 1.400 metros que transcurrir\u00e1 por: Cam\u00ed de Santa Ll\u00facia, Pleiades, Cam\u00ed dels Lladres, Electra y rotonda del Sant Joan. <\/p>\n\n\n\n<p><\/p>\n","protected":false},"excerpt":{"rendered":"<p>La vig\u00e9simo s\u00e9ptima edici\u00f3n del Memorial Samuel Llorca Redondo se disputa el domingo y est\u00e1 organizada por el CC D\u00e9nia. El memorial se hace en recuerdo del ciclista dianense que falleci\u00f3 tras sufrir accidente de tr\u00e1fico mientras entrenaba en la carretera de Les Planes. Un a\u00f1o m\u00e1s los mejores ciclistas de las categor\u00edas cadete y&hellip; <a class=\"more-link\" href=\"https:\/\/suasesport.com\/es\/el-xxvii-memorial-samuel-llorca-se-disputa-el-domingo-en-denia\/\">Seguir leyendo <span class=\"screen-reader-text\">El XXVII Memorial Samuel Llorca se disputa el domingo en D\u00e9nia\u00a0<\/span><\/a><\/p>\n","protected":false},"author":1,"featured_media":23941,"comment_status":"open","ping_status":"open","sticky":false,"template":"","format":"standard","meta":{"footnotes":""},"categories":[22,9],"tags":[],"class_list":["post-23939","post","type-post","status-publish","format-standard","has-post-thumbnail","hentry","category-ciclismo","category-mas-deporte","entry"],"_links":{"self":[{"href":"https:\/\/suasesport.com\/es\/wp-json\/wp\/v2\/posts\/23939","targetHints":{"allow":["GET"]}}],"collection":[{"href":"https:\/\/suasesport.com\/es\/wp-json\/wp\/v2\/posts"}],"about":[{"href":"https:\/\/suasesport.com\/es\/wp-json\/wp\/v2\/types\/post"}],"author":[{"embeddable":true,"href":"https:\/\/suasesport.com\/es\/wp-json\/wp\/v2\/users\/1"}],"replies":[{"embeddable":true,"href":"https:\/\/suasesport.com\/es\/wp-json\/wp\/v2\/comments?post=23939"}],"version-history":[{"count":3,"href":"https:\/\/suasesport.com\/es\/wp-json\/wp\/v2\/posts\/23939\/revisions"}],"predecessor-version":[{"id":23946,"href":"https:\/\/suasesport.com\/es\/wp-json\/wp\/v2\/posts\/23939\/revisions\/23946"}],"wp:featuredmedia":[{"embeddable":true,"href":"https:\/\/suasesport.com\/es\/wp-json\/wp\/v2\/media\/23941"}],"wp:attachment":[{"href":"https:\/\/suasesport.com\/es\/wp-json\/wp\/v2\/media?parent=23939"}],"wp:term":[{"taxonomy":"category","embeddable":true,"href":"https:\/\/suasesport.com\/es\/wp-json\/wp\/v2\/categories?post=23939"},{"taxonomy":"post_tag","embeddable":true,"href":"https:\/\/suasesport.com\/es\/wp-json\/wp\/v2\/tags?post=23939"}],"curies":[{"name":"wp","href":"https:\/\/api.w.org\/{rel}","templated":true}]}}