{"id":23827,"date":"2024-02-23T13:22:38","date_gmt":"2024-02-23T12:22:38","guid":{"rendered":"https:\/\/suasesport.com\/?p=23827"},"modified":"2024-02-23T13:22:39","modified_gmt":"2024-02-23T12:22:39","slug":"la-federacion-valenciana-suspende-todos-los-partidos-de-futbol-y-futbol-sala-de-este-fin-de-semana","status":"publish","type":"post","link":"https:\/\/suasesport.com\/es\/la-federacion-valenciana-suspende-todos-los-partidos-de-futbol-y-futbol-sala-de-este-fin-de-semana\/","title":{"rendered":"La Federaci\u00f3n Valenciana suspende todos los partidos de f\u00fatbol y f\u00fatbol sala de este fin de semana\u00a0"},"content":{"rendered":"\n<p>La Federaci\u00f3n de F\u00fatbol de la Comunitat Valenciana ha emitido un comunicado por el que suspende todos partidos de f\u00fatbol y f\u00fatbol sala que se ten\u00edan que disputar este fin de semana en se\u00f1al de duelo por el incendio que se produjo en Valencia ayer tarde.&nbsp;<\/p>\n\n\n\n<p>El comunicado de la FFCV se\u00f1ala:&nbsp;<\/p>\n\n\n\n<p>\u201cLa Federaci\u00f3n de F\u00fatbol de la Comunitat Valenciana desea, en primer lugar, mostrar su tristeza y consternaci\u00f3n ante el incendio producido en la tarde de ayer en la ciudad de Valencia y reitera el m\u00e1s sentido p\u00e9same a familiares y amigos de las v\u00edctimas mortales derivadas del mismo.&nbsp;<\/p>\n\n\n\n<p>En segundo lugar, la FFCV quiere agradecer de nuevo p\u00fablicamente el trabajo heroico realizado por los servicios de emergencias, bomberos, polic\u00eda y resto de autoridades para impedir que la desgracia fuera a\u00fan mayor de lo que es.&nbsp;<\/p>\n\n\n\n<p>En consecuencia, para mostrar solidaridad y condolencias con los afectados por una de las tragedias m\u00e1s impactantes que ha sufrido la ciudad en toda su historia, la FFCV suspende todos los partidos que se deb\u00edan disputar este fin de semana en la Comunitat Valenciana en todas las categor\u00edas territoriales, tanto de f\u00fatbol como f\u00fatbol sala base como de f\u00fatbol y f\u00fatbol sala amateur, as\u00ed como las competiciones nacionales delegadas en la FFCV: Tercera Federaci\u00f3n y Liga Nacional Juvenil de f\u00fatbol y Tercera Divisi\u00f3n de F\u00fatbol Sala.\u00a0<\/p>\n\n\n\n<p>Adem\u00e1s, la FFCV propone que se guarde un minuto de silencio en todos los encuentros que se disputen la jornada siguiente en todos los campos de la Comunitat Valenciana.&nbsp;<\/p>\n\n\n\n<p>La FFCV est\u00e1 recibiendo multitud de mensajes de consternaci\u00f3n del mundo del f\u00fatbol por lo sucedido. Se anima tambi\u00e9n a todos los clubes a expresar sus condolencias de forma p\u00fablica en sus redes sociales y a realizar cualquier actividad de apoyo a las v\u00edctimas\u201d.&nbsp;<\/p>\n","protected":false},"excerpt":{"rendered":"<p>La Federaci\u00f3n de F\u00fatbol de la Comunitat Valenciana ha emitido un comunicado por el que suspende todos partidos de f\u00fatbol y f\u00fatbol sala que se ten\u00edan que disputar este fin de semana en se\u00f1al de duelo por el incendio que se produjo en Valencia ayer tarde.&nbsp; El comunicado de la FFCV se\u00f1ala:&nbsp; \u201cLa Federaci\u00f3n de&hellip; <a class=\"more-link\" href=\"https:\/\/suasesport.com\/es\/la-federacion-valenciana-suspende-todos-los-partidos-de-futbol-y-futbol-sala-de-este-fin-de-semana\/\">Seguir leyendo <span class=\"screen-reader-text\">La Federaci\u00f3n Valenciana suspende todos los partidos de f\u00fatbol y f\u00fatbol sala de este fin de semana\u00a0<\/span><\/a><\/p>\n","protected":false},"author":1,"featured_media":23825,"comment_status":"open","ping_status":"open","sticky":false,"template":"","format":"standard","meta":{"footnotes":""},"categories":[7,6],"tags":[],"class_list":["post-23827","post","type-post","status-publish","format-standard","has-post-thumbnail","hentry","category-f-sala","category-futbol","entry"],"_links":{"self":[{"href":"https:\/\/suasesport.com\/es\/wp-json\/wp\/v2\/posts\/23827","targetHints":{"allow":["GET"]}}],"collection":[{"href":"https:\/\/suasesport.com\/es\/wp-json\/wp\/v2\/posts"}],"about":[{"href":"https:\/\/suasesport.com\/es\/wp-json\/wp\/v2\/types\/post"}],"author":[{"embeddable":true,"href":"https:\/\/suasesport.com\/es\/wp-json\/wp\/v2\/users\/1"}],"replies":[{"embeddable":true,"href":"https:\/\/suasesport.com\/es\/wp-json\/wp\/v2\/comments?post=23827"}],"version-history":[{"count":2,"href":"https:\/\/suasesport.com\/es\/wp-json\/wp\/v2\/posts\/23827\/revisions"}],"predecessor-version":[{"id":23831,"href":"https:\/\/suasesport.com\/es\/wp-json\/wp\/v2\/posts\/23827\/revisions\/23831"}],"wp:featuredmedia":[{"embeddable":true,"href":"https:\/\/suasesport.com\/es\/wp-json\/wp\/v2\/media\/23825"}],"wp:attachment":[{"href":"https:\/\/suasesport.com\/es\/wp-json\/wp\/v2\/media?parent=23827"}],"wp:term":[{"taxonomy":"category","embeddable":true,"href":"https:\/\/suasesport.com\/es\/wp-json\/wp\/v2\/categories?post=23827"},{"taxonomy":"post_tag","embeddable":true,"href":"https:\/\/suasesport.com\/es\/wp-json\/wp\/v2\/tags?post=23827"}],"curies":[{"name":"wp","href":"https:\/\/api.w.org\/{rel}","templated":true}]}}