{"id":23681,"date":"2024-02-21T11:42:43","date_gmt":"2024-02-21T10:42:43","guid":{"rendered":"https:\/\/suasesport.com\/?p=23681"},"modified":"2024-02-21T11:42:45","modified_gmt":"2024-02-21T10:42:45","slug":"ramon-de-cardenas-y-raquel-costa-ganan-la-decimo-novena-edicion-del-memorial-juan-postigo","status":"publish","type":"post","link":"https:\/\/suasesport.com\/es\/ramon-de-cardenas-y-raquel-costa-ganan-la-decimo-novena-edicion-del-memorial-juan-postigo\/","title":{"rendered":"Ram\u00f3n de C\u00e1rdenas y Raquel Costa ganan la d\u00e9cimo novena edici\u00f3n del Memorial Juan Postigo\u00a0"},"content":{"rendered":"\n<p>Ram\u00f3n de C\u00e1rdenas, en categor\u00eda masculina, y Raquel Costa, en la femenina, han sido los ganadores de la d\u00e9cimo novena edici\u00f3n del Memorial Juan Postigo. Ram\u00f3n ha revalidado el t\u00edtulo conseguido el a\u00f1o pasado al vencer en la final a Luis P\u00e9rez en dos sets (6\/1 y 7\/5). Raquel ha sido campeona al vencer en la final a Ana Sell\u00e9s tambi\u00e9n en dos sets (7\/6 y 6\/1). La final masculina del memorial se disput\u00f3 el pasado viernes en las pistas del CT D\u00e9nia, mientras que las otras finales se jugaron con anterioridad. <\/p>\n\n\n\n<p>Una vez finalizada la final masculina Elsa Bordehore, presidenta del CT D\u00e9nia; Alfonso Lanza, vocal del club; junto con los nietos de Juan Postigo, Luis y Juan, fueron los encargados de entregar los premios a los campeones y finalistas de las diferentes categor\u00edas.\u00a0<\/p>\n\n\n\n<p>CAMPEONES Y FINALISTAS<\/p>\n\n\n\n<p>&#8211; Individuales: Ram\u00f3n de C\u00e1rdenas y Raquel Costa, campeones; Luis P\u00e9rez y Ana Sell\u00e9s, finalistas.&nbsp;<\/p>\n\n\n\n<p>&#8211; Dobles: Alfonso Lanza y Kikoles Romany y Tote Sapena y Ana Caselles, campeones; Antonio Sell\u00e9s y Arturo Ordov\u00e1s y Cristina Romany y Maria Attard, finalistas.&nbsp;<\/p>\n\n\n\n<p>&#8211; Dobles mixtos: Cristina Romany y Pablo Garc\u00eda, campeones; Maria Attard y Sebastien Celma, finalistas.&nbsp;<\/p>\n\n\n\n<p>&#8211; Consolaci\u00f3n individual: Juan Cano y Raquel Molina, campeones; Miguel Frau y Carmen Hern\u00e1ndez, finalistas.&nbsp;<\/p>\n\n\n\n<p>&#8211; Consolaci\u00f3n dobles: Fernando Par\u00eds y Eugenio Torr\u00f3 y Elaine Klein y Gabi Glaeser, campeones; Jeff Klein y Berhnard Glaeser y Vanessa Trol y Carmen Hern\u00e1ndez, finalistas.&nbsp;<\/p>\n\n\n\n<p>&#8211; Consolaci\u00f3n dobles mixtos: Amanda Gim\u00e9nez y Luis P\u00e9rez, campeones; Raquel Costa y Sergio Moro, finalistas.&nbsp;<\/p>\n\n\n\n<p><\/p>\n\n\n\n<figure class=\"wp-block-gallery has-nested-images columns-default is-cropped wp-block-gallery-2 is-layout-flex wp-block-gallery-is-layout-flex\">\n<figure class=\"wp-block-image size-large\"><img loading=\"lazy\" decoding=\"async\" width=\"1024\" height=\"771\" data-id=\"23688\" src=\"https:\/\/suasesport.com\/wp-content\/uploads\/2024\/02\/dobles-femenino-1024x771.jpg\" alt=\"\" class=\"wp-image-23688\" srcset=\"https:\/\/suasesport.com\/wp-content\/uploads\/2024\/02\/dobles-femenino-1024x771.jpg 1024w, https:\/\/suasesport.com\/wp-content\/uploads\/2024\/02\/dobles-femenino-300x226.jpg 300w, https:\/\/suasesport.com\/wp-content\/uploads\/2024\/02\/dobles-femenino-768x578.jpg 768w, https:\/\/suasesport.com\/wp-content\/uploads\/2024\/02\/dobles-femenino-1536x1157.jpg 1536w, https:\/\/suasesport.com\/wp-content\/uploads\/2024\/02\/dobles-femenino-1080x813.jpg 1080w, https:\/\/suasesport.com\/wp-content\/uploads\/2024\/02\/dobles-femenino.jpg 2040w\" sizes=\"auto, (max-width: 1024px) 100vw, 1024px\" \/><\/figure>\n<\/figure>\n\n\n\n<p><\/p>\n\n\n\n<p><\/p>\n\n\n\n<figure class=\"wp-block-gallery has-nested-images columns-default is-cropped wp-block-gallery-3 is-layout-flex wp-block-gallery-is-layout-flex\">\n<figure class=\"wp-block-image size-large\"><img loading=\"lazy\" decoding=\"async\" width=\"1024\" height=\"771\" data-id=\"23690\" src=\"https:\/\/suasesport.com\/wp-content\/uploads\/2024\/02\/dobles-masculino-1024x771.jpg\" alt=\"\" class=\"wp-image-23690\" srcset=\"https:\/\/suasesport.com\/wp-content\/uploads\/2024\/02\/dobles-masculino-1024x771.jpg 1024w, https:\/\/suasesport.com\/wp-content\/uploads\/2024\/02\/dobles-masculino-300x226.jpg 300w, https:\/\/suasesport.com\/wp-content\/uploads\/2024\/02\/dobles-masculino-768x578.jpg 768w, https:\/\/suasesport.com\/wp-content\/uploads\/2024\/02\/dobles-masculino-1536x1157.jpg 1536w, https:\/\/suasesport.com\/wp-content\/uploads\/2024\/02\/dobles-masculino-1080x813.jpg 1080w, https:\/\/suasesport.com\/wp-content\/uploads\/2024\/02\/dobles-masculino.jpg 2040w\" sizes=\"auto, (max-width: 1024px) 100vw, 1024px\" \/><\/figure>\n<\/figure>\n\n\n\n<p><\/p>\n\n\n\n<p><\/p>\n\n\n\n<figure class=\"wp-block-gallery has-nested-images columns-default is-cropped wp-block-gallery-4 is-layout-flex wp-block-gallery-is-layout-flex\">\n<figure class=\"wp-block-image size-large\"><img loading=\"lazy\" decoding=\"async\" width=\"1024\" height=\"771\" data-id=\"23692\" src=\"https:\/\/suasesport.com\/wp-content\/uploads\/2024\/02\/dobles-mixto-1024x771.jpg\" alt=\"\" class=\"wp-image-23692\" srcset=\"https:\/\/suasesport.com\/wp-content\/uploads\/2024\/02\/dobles-mixto-1024x771.jpg 1024w, https:\/\/suasesport.com\/wp-content\/uploads\/2024\/02\/dobles-mixto-300x226.jpg 300w, https:\/\/suasesport.com\/wp-content\/uploads\/2024\/02\/dobles-mixto-768x578.jpg 768w, https:\/\/suasesport.com\/wp-content\/uploads\/2024\/02\/dobles-mixto-1536x1157.jpg 1536w, https:\/\/suasesport.com\/wp-content\/uploads\/2024\/02\/dobles-mixto-1080x813.jpg 1080w, https:\/\/suasesport.com\/wp-content\/uploads\/2024\/02\/dobles-mixto.jpg 2040w\" sizes=\"auto, (max-width: 1024px) 100vw, 1024px\" \/><\/figure>\n<\/figure>\n\n\n\n<p><\/p>\n\n\n\n<p><\/p>\n\n\n\n<figure class=\"wp-block-gallery has-nested-images columns-default is-cropped wp-block-gallery-5 is-layout-flex wp-block-gallery-is-layout-flex\">\n<figure class=\"wp-block-image size-large\"><img loading=\"lazy\" decoding=\"async\" width=\"1024\" height=\"630\" data-id=\"23686\" src=\"https:\/\/suasesport.com\/wp-content\/uploads\/2024\/02\/foto-grupo-1024x630.jpg\" alt=\"\" class=\"wp-image-23686\" srcset=\"https:\/\/suasesport.com\/wp-content\/uploads\/2024\/02\/foto-grupo-1024x630.jpg 1024w, https:\/\/suasesport.com\/wp-content\/uploads\/2024\/02\/foto-grupo-300x184.jpg 300w, https:\/\/suasesport.com\/wp-content\/uploads\/2024\/02\/foto-grupo-768x472.jpg 768w, https:\/\/suasesport.com\/wp-content\/uploads\/2024\/02\/foto-grupo.jpg 1080w\" sizes=\"auto, (max-width: 1024px) 100vw, 1024px\" \/><\/figure>\n<\/figure>\n","protected":false},"excerpt":{"rendered":"<p>Ram\u00f3n de C\u00e1rdenas, en categor\u00eda masculina, y Raquel Costa, en la femenina, han sido los ganadores de la d\u00e9cimo novena edici\u00f3n del Memorial Juan Postigo. Ram\u00f3n ha revalidado el t\u00edtulo conseguido el a\u00f1o pasado al vencer en la final a Luis P\u00e9rez en dos sets (6\/1 y 7\/5). Raquel ha sido campeona al vencer en&hellip; <a class=\"more-link\" href=\"https:\/\/suasesport.com\/es\/ramon-de-cardenas-y-raquel-costa-ganan-la-decimo-novena-edicion-del-memorial-juan-postigo\/\">Seguir leyendo <span class=\"screen-reader-text\">Ram\u00f3n de C\u00e1rdenas y Raquel Costa ganan la d\u00e9cimo novena edici\u00f3n del Memorial Juan Postigo\u00a0<\/span><\/a><\/p>\n","protected":false},"author":1,"featured_media":23684,"comment_status":"open","ping_status":"open","sticky":false,"template":"","format":"standard","meta":{"footnotes":""},"categories":[9,5],"tags":[],"class_list":["post-23681","post","type-post","status-publish","format-standard","has-post-thumbnail","hentry","category-mas-deporte","category-tenis","entry"],"_links":{"self":[{"href":"https:\/\/suasesport.com\/es\/wp-json\/wp\/v2\/posts\/23681","targetHints":{"allow":["GET"]}}],"collection":[{"href":"https:\/\/suasesport.com\/es\/wp-json\/wp\/v2\/posts"}],"about":[{"href":"https:\/\/suasesport.com\/es\/wp-json\/wp\/v2\/types\/post"}],"author":[{"embeddable":true,"href":"https:\/\/suasesport.com\/es\/wp-json\/wp\/v2\/users\/1"}],"replies":[{"embeddable":true,"href":"https:\/\/suasesport.com\/es\/wp-json\/wp\/v2\/comments?post=23681"}],"version-history":[{"count":5,"href":"https:\/\/suasesport.com\/es\/wp-json\/wp\/v2\/posts\/23681\/revisions"}],"predecessor-version":[{"id":23700,"href":"https:\/\/suasesport.com\/es\/wp-json\/wp\/v2\/posts\/23681\/revisions\/23700"}],"wp:featuredmedia":[{"embeddable":true,"href":"https:\/\/suasesport.com\/es\/wp-json\/wp\/v2\/media\/23684"}],"wp:attachment":[{"href":"https:\/\/suasesport.com\/es\/wp-json\/wp\/v2\/media?parent=23681"}],"wp:term":[{"taxonomy":"category","embeddable":true,"href":"https:\/\/suasesport.com\/es\/wp-json\/wp\/v2\/categories?post=23681"},{"taxonomy":"post_tag","embeddable":true,"href":"https:\/\/suasesport.com\/es\/wp-json\/wp\/v2\/tags?post=23681"}],"curies":[{"name":"wp","href":"https:\/\/api.w.org\/{rel}","templated":true}]}}