{"id":2319,"date":"2022-09-23T09:06:33","date_gmt":"2022-09-23T09:06:33","guid":{"rendered":"https:\/\/suasesport.com\/?p=2319"},"modified":"2022-09-28T09:25:44","modified_gmt":"2022-09-28T09:25:44","slug":"seiscientos-triatletas-participan-en-el-x-trixabia-memorial-edu-monfort","status":"publish","type":"post","link":"https:\/\/suasesport.com\/es\/seiscientos-triatletas-participan-en-el-x-trixabia-memorial-edu-monfort\/","title":{"rendered":"Seiscientos triatletas participan en el X TriX\u00e0bia Memorial Edu Monfort"},"content":{"rendered":"[et_pb_section admin_label=\u00bbsection\u00bb]\n\t\t\t[et_pb_row admin_label=\u00bbrow\u00bb]\n\t\t\t\t[et_pb_column type=\u00bb4_4&#8243;][et_pb_text admin_label=\u00bbText\u00bb]\n<p>La d\u00e9cima edici\u00f3n del TriX\u00e0bia Memorial Edu Monfort, que se disputa el domingo, va a contar con la participaci\u00f3n de seiscientos triatletas. La competici\u00f3n se realiza desde 2012, y desde 2017 tambi\u00e9n se celebra el Memorial Edu Monfort, en memoria del que fuera compa\u00f1ero y amigo Eduardo Monfort, fallecido tras ser atropellado junto con sus compa\u00f1eros cuando estaban entrenando en bicicleta en la N-332. <\/p>\n\n\n\n<p>La prueba, que est\u00e1 organizada por el Club Atletisme Llebeig X\u00e0bia, tendr\u00e1 como punto neur\u00e1lgico la playa del Arenal, donde se realizar\u00e1 la prueba de nataci\u00f3n y donde estar\u00e1n situado los boxes con las bicicletas de los y las participantes. La meta del TriX\u00e0bia estar\u00e1 ubicada en el Paseo David Ferrer. A las 8 horas se dar\u00e1 la salida a la modalidad ol\u00edmpica y media hora despu\u00e9s a la modalidad esprint. Una vez finalizada la competici\u00f3n se realizar\u00e1 la entrega de los trofeos. <\/p>\n\n\n[\/et_pb_text][\/et_pb_column]\n\t\t\t[\/et_pb_row]\n\t\t[\/et_pb_section]","protected":false},"excerpt":{"rendered":"<p>[et_pb_section admin_label=\u00bbsection\u00bb] [et_pb_row admin_label=\u00bbrow\u00bb] [et_pb_column type=\u00bb4_4&#8243;][et_pb_text admin_label=\u00bbText\u00bb] La d\u00e9cima edici\u00f3n del TriX\u00e0bia Memorial Edu Monfort, que se disputa el domingo, va a contar con la participaci\u00f3n de seiscientos triatletas. La competici\u00f3n se realiza desde 2012, y desde 2017 tambi\u00e9n se celebra el Memorial Edu Monfort, en memoria del que fuera compa\u00f1ero y amigo Eduardo Monfort,&hellip; <a class=\"more-link\" href=\"https:\/\/suasesport.com\/es\/seiscientos-triatletas-participan-en-el-x-trixabia-memorial-edu-monfort\/\">Seguir leyendo <span class=\"screen-reader-text\">Seiscientos triatletas participan en el X TriX\u00e0bia Memorial Edu Monfort<\/span><\/a><\/p>\n","protected":false},"author":1,"featured_media":2322,"comment_status":"open","ping_status":"open","sticky":false,"template":"","format":"standard","meta":{"footnotes":""},"categories":[9],"tags":[],"class_list":["post-2319","post","type-post","status-publish","format-standard","has-post-thumbnail","hentry","category-mas-deporte","entry"],"_links":{"self":[{"href":"https:\/\/suasesport.com\/es\/wp-json\/wp\/v2\/posts\/2319","targetHints":{"allow":["GET"]}}],"collection":[{"href":"https:\/\/suasesport.com\/es\/wp-json\/wp\/v2\/posts"}],"about":[{"href":"https:\/\/suasesport.com\/es\/wp-json\/wp\/v2\/types\/post"}],"author":[{"embeddable":true,"href":"https:\/\/suasesport.com\/es\/wp-json\/wp\/v2\/users\/1"}],"replies":[{"embeddable":true,"href":"https:\/\/suasesport.com\/es\/wp-json\/wp\/v2\/comments?post=2319"}],"version-history":[{"count":4,"href":"https:\/\/suasesport.com\/es\/wp-json\/wp\/v2\/posts\/2319\/revisions"}],"predecessor-version":[{"id":2738,"href":"https:\/\/suasesport.com\/es\/wp-json\/wp\/v2\/posts\/2319\/revisions\/2738"}],"wp:featuredmedia":[{"embeddable":true,"href":"https:\/\/suasesport.com\/es\/wp-json\/wp\/v2\/media\/2322"}],"wp:attachment":[{"href":"https:\/\/suasesport.com\/es\/wp-json\/wp\/v2\/media?parent=2319"}],"wp:term":[{"taxonomy":"category","embeddable":true,"href":"https:\/\/suasesport.com\/es\/wp-json\/wp\/v2\/categories?post=2319"},{"taxonomy":"post_tag","embeddable":true,"href":"https:\/\/suasesport.com\/es\/wp-json\/wp\/v2\/tags?post=2319"}],"curies":[{"name":"wp","href":"https:\/\/api.w.org\/{rel}","templated":true}]}}