{"id":23126,"date":"2024-02-08T18:45:10","date_gmt":"2024-02-08T17:45:10","guid":{"rendered":"https:\/\/suasesport.com\/?p=23126"},"modified":"2024-02-08T18:45:11","modified_gmt":"2024-02-08T17:45:11","slug":"la-calpina-yolanda-garcia-disputara-con-la-valenciana-el-campeonato-de-espana-femenino-sub-16","status":"publish","type":"post","link":"https:\/\/suasesport.com\/es\/la-calpina-yolanda-garcia-disputara-con-la-valenciana-el-campeonato-de-espana-femenino-sub-16\/","title":{"rendered":"La calpina Yolanda Garc\u00eda disputar\u00e1 con la Valenciana el Campeonato de Espa\u00f1a Femenino Sub 16"},"content":{"rendered":"\n<p>La calpina Yolanda Garc\u00eda Mart\u00ednez disputar\u00e1 con la Valenciana el&nbsp; Campeonato de de Espa\u00f1a Femenino de Selecciones Auton\u00f3micas (CESA) Sub 16. El nacional se juega en Benidorm y La Nuc\u00eda del 13 al 17 de febrero. El seleccionador \u00c1lex Mart\u00ednez ha dado a conocer hoy la lista definitiva de las jugadoras que lo jugar\u00e1n y en ella est\u00e1 la calpina, que ha sido una de las fijas en las convocatorias de entrenamientos y partidos de preparaci\u00f3n.&nbsp;<\/p>\n\n\n\n<p>Doce selecciones son las que juegan el Campeonato de Espa\u00f1a, divididas en cuatro grupos de tres. Las campeonas de cada grupo jugar\u00e1n las semifinales y las ganadoras de \u00e9stas la final el s\u00e1bado 17. La Selecci\u00f3n Valenciana est\u00e1 encuadrada en el Grupo C junto con Galicia y Murcia, y jugar\u00e1 sus partidos a las 10 horas. En la primera jornada, descansar\u00e1 porque se enfrentan Galicia y Murcia. Su primer partido lo jugar\u00e1 el mi\u00e9rcoles 14 ante la perdedora del partido entre gallegas y murcianas en el Pabell\u00f3n Illa de Benidorm. El jueves jugar\u00e1 el segundo partido ante la vencedora del encuentro Galicia-Murcia en el Pabell\u00f3n Camilo Cano de La Nuc\u00eda.\u00a0<\/p>\n\n\n\n<p><\/p>\n\n\n\n<figure class=\"wp-block-gallery has-nested-images columns-default is-cropped wp-block-gallery-2 is-layout-flex wp-block-gallery-is-layout-flex\">\n<figure class=\"wp-block-image size-large\"><img loading=\"lazy\" decoding=\"async\" width=\"1024\" height=\"576\" data-id=\"23124\" src=\"https:\/\/suasesport.com\/wp-content\/uploads\/2024\/02\/Convocatoria_sub16_valenta-1-scaled-1-1024x576.jpeg\" alt=\"\" class=\"wp-image-23124\" srcset=\"https:\/\/suasesport.com\/wp-content\/uploads\/2024\/02\/Convocatoria_sub16_valenta-1-scaled-1-1024x576.jpeg 1024w, https:\/\/suasesport.com\/wp-content\/uploads\/2024\/02\/Convocatoria_sub16_valenta-1-scaled-1-300x169.jpeg 300w, https:\/\/suasesport.com\/wp-content\/uploads\/2024\/02\/Convocatoria_sub16_valenta-1-scaled-1-768x432.jpeg 768w, https:\/\/suasesport.com\/wp-content\/uploads\/2024\/02\/Convocatoria_sub16_valenta-1-scaled-1-1536x864.jpeg 1536w, https:\/\/suasesport.com\/wp-content\/uploads\/2024\/02\/Convocatoria_sub16_valenta-1-scaled-1-1080x608.jpeg 1080w, https:\/\/suasesport.com\/wp-content\/uploads\/2024\/02\/Convocatoria_sub16_valenta-1-scaled-1.jpeg 1920w\" sizes=\"auto, (max-width: 1024px) 100vw, 1024px\" \/><\/figure>\n<\/figure>\n","protected":false},"excerpt":{"rendered":"<p>La calpina Yolanda Garc\u00eda Mart\u00ednez disputar\u00e1 con la Valenciana el&nbsp; Campeonato de de Espa\u00f1a Femenino de Selecciones Auton\u00f3micas (CESA) Sub 16. El nacional se juega en Benidorm y La Nuc\u00eda del 13 al 17 de febrero. El seleccionador \u00c1lex Mart\u00ednez ha dado a conocer hoy la lista definitiva de las jugadoras que lo jugar\u00e1n y&hellip; <a class=\"more-link\" href=\"https:\/\/suasesport.com\/es\/la-calpina-yolanda-garcia-disputara-con-la-valenciana-el-campeonato-de-espana-femenino-sub-16\/\">Seguir leyendo <span class=\"screen-reader-text\">La calpina Yolanda Garc\u00eda disputar\u00e1 con la Valenciana el Campeonato de Espa\u00f1a Femenino Sub 16<\/span><\/a><\/p>\n","protected":false},"author":1,"featured_media":23122,"comment_status":"open","ping_status":"open","sticky":false,"template":"","format":"standard","meta":{"footnotes":""},"categories":[7],"tags":[],"class_list":["post-23126","post","type-post","status-publish","format-standard","has-post-thumbnail","hentry","category-f-sala","entry"],"_links":{"self":[{"href":"https:\/\/suasesport.com\/es\/wp-json\/wp\/v2\/posts\/23126","targetHints":{"allow":["GET"]}}],"collection":[{"href":"https:\/\/suasesport.com\/es\/wp-json\/wp\/v2\/posts"}],"about":[{"href":"https:\/\/suasesport.com\/es\/wp-json\/wp\/v2\/types\/post"}],"author":[{"embeddable":true,"href":"https:\/\/suasesport.com\/es\/wp-json\/wp\/v2\/users\/1"}],"replies":[{"embeddable":true,"href":"https:\/\/suasesport.com\/es\/wp-json\/wp\/v2\/comments?post=23126"}],"version-history":[{"count":3,"href":"https:\/\/suasesport.com\/es\/wp-json\/wp\/v2\/posts\/23126\/revisions"}],"predecessor-version":[{"id":23131,"href":"https:\/\/suasesport.com\/es\/wp-json\/wp\/v2\/posts\/23126\/revisions\/23131"}],"wp:featuredmedia":[{"embeddable":true,"href":"https:\/\/suasesport.com\/es\/wp-json\/wp\/v2\/media\/23122"}],"wp:attachment":[{"href":"https:\/\/suasesport.com\/es\/wp-json\/wp\/v2\/media?parent=23126"}],"wp:term":[{"taxonomy":"category","embeddable":true,"href":"https:\/\/suasesport.com\/es\/wp-json\/wp\/v2\/categories?post=23126"},{"taxonomy":"post_tag","embeddable":true,"href":"https:\/\/suasesport.com\/es\/wp-json\/wp\/v2\/tags?post=23126"}],"curies":[{"name":"wp","href":"https:\/\/api.w.org\/{rel}","templated":true}]}}