{"id":23098,"date":"2024-02-08T12:32:38","date_gmt":"2024-02-08T11:32:38","guid":{"rendered":"https:\/\/suasesport.com\/?p=23098"},"modified":"2024-02-08T12:32:41","modified_gmt":"2024-02-08T11:32:41","slug":"las-veteranas-50-del-ct-denia-jugaran-la-semifinal-de-primera-division-por-equipos-de-la-comunitat","status":"publish","type":"post","link":"https:\/\/suasesport.com\/es\/las-veteranas-50-del-ct-denia-jugaran-la-semifinal-de-primera-division-por-equipos-de-la-comunitat\/","title":{"rendered":"Las veteranas +50 del CT D\u00e9nia jugar\u00e1n la semifinal de Primera Divisi\u00f3n por equipos de la Comunitat\u00a0"},"content":{"rendered":"\n<p>Las veteranas +50 del Club Tenis D\u00e9nia se han clasificado para disputar la semifinal de Primera Divisi\u00f3n por Equipos de la Comunitat Valenciana al vencer en cuartos de final al CT Valencia por 5-0. Las dianenses jugar\u00e1n contra el vencedor del enfrentamiento Club Espa\u00f1ol de Tenis-Club Campo Elche. La semifinal est\u00e1 prevista que se juegue el 17 o 18 de febrero, a\u00fan no tiene sede para jugarse.&nbsp;<\/p>\n\n\n\n<p>El equipo de veteranas +50 del CT D\u00e9nia venci\u00f3 en cuarto de final al CT Valencia por 5-0, ganando tres de los partidos de forma clara. En individuales, Maria Attard gan\u00f3 a Carmen Piles (6\/0 y 6\/1), Heike Schrader a Carmen Cortell (6\/4 y 6\/1), Cristina Romany a Bego\u00f1a Mel\u00e9ndez (1\/6, 6\/3 y 10-8); y en dobles, Cristina Romany y Mar\u00eda Attard vencieron a Carmen Piles e Ignacia V\u00e1zquez (6\/2 y 7\/5) y Heike Schrader y Diana Tolsma a Bego\u00f1a Garc\u00eda y Marisol Ballester\u00a0 (6\/3 y 6\/2).\u00a0<\/p>\n\n\n\n<p>MEMORIAL JUAN POSTIGO&nbsp;<\/p>\n\n\n\n<p>La d\u00e9cimo novena edici\u00f3n del Memorial Juan Postigo llega a su fin el s\u00e1bado con la disputa de la final masculina. Una final que jugar\u00e1n Ram\u00f3n de C\u00e1rdenas y Luis P\u00e9rez a las 9 horas. En categor\u00eda femenina Raquel Costa es la campeona al vencer en la final a Ana Sell\u00e9s en dos sets (7\/6 y 6\/1). Esta final se disput\u00f3 el lunes.&nbsp;<\/p>\n\n\n\n<p>GALA CIRCUITO ALICANTINO<\/p>\n\n\n\n<p>Por otro lado, la Gala del Circuito Alicantino 2023 se celebr\u00f3 el pasado viernes y en ella se premiaron a los mejores tenistas del circuito. Elsa Bordehore, presidenta del CT D\u00e9nia, y Maria Attard, tesorera del club, recogieron una placa de reconocimiento al club por su colaboraci\u00f3n en esta edici\u00f3n del Circuito.<\/p>\n\n\n\n<p>Los tenistas de la Escuela de Competici\u00f3n del CT D\u00e9nia que recibieron galardones fueron:&nbsp;<\/p>\n\n\n\n<p>-. Benjamines: Pascal Mas y \u00c1ngela Sala, campeones; Pol \u00c1lvarez, finalista; Maria Oliniik, cuarta.&nbsp;<\/p>\n\n\n\n<p>-. Alevines: Borja Jagodnik, tercero; Manuel Sala y Lucinee Tobalakian, cuartos; Arnau Reus, s\u00e9ptimo.&nbsp;<\/p>\n\n\n\n<p>FEDOR MILAGKIN, CAMPE\u00d3N SUB 10<\/p>\n\n\n\n<p>Fedor Mikagkin, jugador de la escuela de competici\u00f3n del CT D\u00e9nia, se proclam\u00f3 campe\u00f3n Sub 10 del Torneo Champions Bowl que se disput\u00f3 en Valencia. El tenista dianense se impuso a Jordan Dorado en la final por un doble 4\/0.&nbsp;<\/p>\n\n\n\n<p><\/p>\n\n\n\n<p><\/p>\n\n\n\n<figure class=\"wp-block-gallery has-nested-images columns-default is-cropped wp-block-gallery-2 is-layout-flex wp-block-gallery-is-layout-flex\">\n<figure class=\"wp-block-image size-large\"><img loading=\"lazy\" decoding=\"async\" width=\"1024\" height=\"682\" data-id=\"23100\" src=\"https:\/\/suasesport.com\/wp-content\/uploads\/2024\/02\/1707160173719-1024x682.jpg\" alt=\"\" class=\"wp-image-23100\" srcset=\"https:\/\/suasesport.com\/wp-content\/uploads\/2024\/02\/1707160173719-1024x682.jpg 1024w, https:\/\/suasesport.com\/wp-content\/uploads\/2024\/02\/1707160173719-300x200.jpg 300w, https:\/\/suasesport.com\/wp-content\/uploads\/2024\/02\/1707160173719-768x512.jpg 768w, https:\/\/suasesport.com\/wp-content\/uploads\/2024\/02\/1707160173719-1536x1023.jpg 1536w, https:\/\/suasesport.com\/wp-content\/uploads\/2024\/02\/1707160173719-1080x720.jpg 1080w, https:\/\/suasesport.com\/wp-content\/uploads\/2024\/02\/1707160173719.jpg 1600w\" sizes=\"auto, (max-width: 1024px) 100vw, 1024px\" \/><\/figure>\n<\/figure>\n\n\n\n<p><\/p>\n\n\n\n<p><\/p>\n\n\n\n<figure class=\"wp-block-gallery has-nested-images columns-default is-cropped wp-block-gallery-3 is-layout-flex wp-block-gallery-is-layout-flex\">\n<figure class=\"wp-block-image size-large\"><img loading=\"lazy\" decoding=\"async\" width=\"1024\" height=\"682\" data-id=\"23094\" src=\"https:\/\/suasesport.com\/wp-content\/uploads\/2024\/02\/1707160173785-1024x682.jpg\" alt=\"\" class=\"wp-image-23094\" srcset=\"https:\/\/suasesport.com\/wp-content\/uploads\/2024\/02\/1707160173785-1024x682.jpg 1024w, https:\/\/suasesport.com\/wp-content\/uploads\/2024\/02\/1707160173785-300x200.jpg 300w, https:\/\/suasesport.com\/wp-content\/uploads\/2024\/02\/1707160173785-768x512.jpg 768w, https:\/\/suasesport.com\/wp-content\/uploads\/2024\/02\/1707160173785-1536x1023.jpg 1536w, https:\/\/suasesport.com\/wp-content\/uploads\/2024\/02\/1707160173785-1080x720.jpg 1080w, https:\/\/suasesport.com\/wp-content\/uploads\/2024\/02\/1707160173785.jpg 1600w\" sizes=\"auto, (max-width: 1024px) 100vw, 1024px\" \/><\/figure>\n\n\n\n<figure class=\"wp-block-image size-large\"><img loading=\"lazy\" decoding=\"async\" width=\"768\" height=\"1024\" data-id=\"23096\" src=\"https:\/\/suasesport.com\/wp-content\/uploads\/2024\/02\/Fedor-Milagkin-Campeon-Champions-Bowl-sub-10-768x1024.jpg\" alt=\"\" class=\"wp-image-23096\" srcset=\"https:\/\/suasesport.com\/wp-content\/uploads\/2024\/02\/Fedor-Milagkin-Campeon-Champions-Bowl-sub-10-768x1024.jpg 768w, https:\/\/suasesport.com\/wp-content\/uploads\/2024\/02\/Fedor-Milagkin-Campeon-Champions-Bowl-sub-10-225x300.jpg 225w, https:\/\/suasesport.com\/wp-content\/uploads\/2024\/02\/Fedor-Milagkin-Campeon-Champions-Bowl-sub-10-1152x1536.jpg 1152w, https:\/\/suasesport.com\/wp-content\/uploads\/2024\/02\/Fedor-Milagkin-Campeon-Champions-Bowl-sub-10-1080x1440.jpg 1080w, https:\/\/suasesport.com\/wp-content\/uploads\/2024\/02\/Fedor-Milagkin-Campeon-Champions-Bowl-sub-10.jpg 1200w\" sizes=\"auto, (max-width: 768px) 100vw, 768px\" \/><\/figure>\n<\/figure>\n","protected":false},"excerpt":{"rendered":"<p>Las veteranas +50 del Club Tenis D\u00e9nia se han clasificado para disputar la semifinal de Primera Divisi\u00f3n por Equipos de la Comunitat Valenciana al vencer en cuartos de final al CT Valencia por 5-0. Las dianenses jugar\u00e1n contra el vencedor del enfrentamiento Club Espa\u00f1ol de Tenis-Club Campo Elche. La semifinal est\u00e1 prevista que se juegue&hellip; <a class=\"more-link\" href=\"https:\/\/suasesport.com\/es\/las-veteranas-50-del-ct-denia-jugaran-la-semifinal-de-primera-division-por-equipos-de-la-comunitat\/\">Seguir leyendo <span class=\"screen-reader-text\">Las veteranas +50 del CT D\u00e9nia jugar\u00e1n la semifinal de Primera Divisi\u00f3n por equipos de la Comunitat\u00a0<\/span><\/a><\/p>\n","protected":false},"author":1,"featured_media":23092,"comment_status":"open","ping_status":"open","sticky":false,"template":"","format":"standard","meta":{"footnotes":""},"categories":[9,5],"tags":[],"class_list":["post-23098","post","type-post","status-publish","format-standard","has-post-thumbnail","hentry","category-mas-deporte","category-tenis","entry"],"_links":{"self":[{"href":"https:\/\/suasesport.com\/es\/wp-json\/wp\/v2\/posts\/23098","targetHints":{"allow":["GET"]}}],"collection":[{"href":"https:\/\/suasesport.com\/es\/wp-json\/wp\/v2\/posts"}],"about":[{"href":"https:\/\/suasesport.com\/es\/wp-json\/wp\/v2\/types\/post"}],"author":[{"embeddable":true,"href":"https:\/\/suasesport.com\/es\/wp-json\/wp\/v2\/users\/1"}],"replies":[{"embeddable":true,"href":"https:\/\/suasesport.com\/es\/wp-json\/wp\/v2\/comments?post=23098"}],"version-history":[{"count":3,"href":"https:\/\/suasesport.com\/es\/wp-json\/wp\/v2\/posts\/23098\/revisions"}],"predecessor-version":[{"id":23105,"href":"https:\/\/suasesport.com\/es\/wp-json\/wp\/v2\/posts\/23098\/revisions\/23105"}],"wp:featuredmedia":[{"embeddable":true,"href":"https:\/\/suasesport.com\/es\/wp-json\/wp\/v2\/media\/23092"}],"wp:attachment":[{"href":"https:\/\/suasesport.com\/es\/wp-json\/wp\/v2\/media?parent=23098"}],"wp:term":[{"taxonomy":"category","embeddable":true,"href":"https:\/\/suasesport.com\/es\/wp-json\/wp\/v2\/categories?post=23098"},{"taxonomy":"post_tag","embeddable":true,"href":"https:\/\/suasesport.com\/es\/wp-json\/wp\/v2\/tags?post=23098"}],"curies":[{"name":"wp","href":"https:\/\/api.w.org\/{rel}","templated":true}]}}