{"id":22902,"date":"2024-02-04T11:05:34","date_gmt":"2024-02-04T10:05:34","guid":{"rendered":"https:\/\/suasesport.com\/?p=22902"},"modified":"2024-02-04T11:05:36","modified_gmt":"2024-02-04T10:05:36","slug":"mcnulty-gana-en-el-miserat-tras-recortarse-la-cuarta-etapa-por-el-fallecimiento-de-una-persona","status":"publish","type":"post","link":"https:\/\/suasesport.com\/es\/mcnulty-gana-en-el-miserat-tras-recortarse-la-cuarta-etapa-por-el-fallecimiento-de-una-persona\/","title":{"rendered":"McNulty gana en El Miserat tras recortarse la cuarta etapa por el fallecimiento de una persona\u00a0"},"content":{"rendered":"\n<p>La cuarta etapa de la Volta Ciclista a la Comunitat Valenciana (VCV), Teulada Moraira-Vall d\u2019Ebo, la ha ganado el norteamericano Brandon McNulty. Una etapa que ha visto recortado su recorrido por el fallecimiento de una persona cerca de la l\u00ednea de meta, por lo que la organizaci\u00f3n decidi\u00f3 que la carrera finalizara en el alto de El Miserat, y que los ciclistas tras cruzar la l\u00ednea de meta, recorrieran esos 15 km. hasta la Vall d\u2019Ebo neutralizados. Este domingo se disputa la \u00faltima etapa de la VCV que arranca en B\u00e9tera -donde se entregan antes de la salida los premios de la etapa de ayer- y finaliza en Valencia.&nbsp;<\/p>\n\n\n\n<p>El presidente de la Diputaci\u00f3n de Alicante, Antonio P\u00e9rez, y el alcalde de Teulada Moraira, Ra\u00fal Llobell, han sido los encargados de cortar la cinta antes de que se diera la salida. Junto a ellos han estado entre otros, Arturo Poquet, alcalde de Benissa y diputado provincial; Josep Ivars, concejal de Deportes de Teulada Moraira; Ana Serna, vicepresidenta primera de la diputaci\u00f3n de Alicante; y \u00c1ngel Casero, director general de la VCV.\u00a0<\/p>\n\n\n\n<p>La salida de la cuarta etapa se ha dado desde la explanada del castillo de Moraira. Una etapa que se preve\u00eda exigente y que ha sido as\u00ed desde el principio, con ritmo por parte de los equipos punteros. En el paso de cada uno de los puertos, en total cinco, el pelot\u00f3n se ha ido rompiendo hasta que al final, McNulty ha cruzado en solitario la meta reubicada en El Miserat, cima in\u00e9dita en esta 75 edici\u00f3n de la VCV.\u00a0<\/p>\n\n\n\n<p><\/p>\n\n\n\n<figure class=\"wp-block-gallery has-nested-images columns-default is-cropped wp-block-gallery-2 is-layout-flex wp-block-gallery-is-layout-flex\"><\/figure>\n","protected":false},"excerpt":{"rendered":"<p>La cuarta etapa de la Volta Ciclista a la Comunitat Valenciana (VCV), Teulada Moraira-Vall d\u2019Ebo, la ha ganado el norteamericano Brandon McNulty. Una etapa que ha visto recortado su recorrido por el fallecimiento de una persona cerca de la l\u00ednea de meta, por lo que la organizaci\u00f3n decidi\u00f3 que la carrera finalizara en el alto&hellip; <a class=\"more-link\" href=\"https:\/\/suasesport.com\/es\/mcnulty-gana-en-el-miserat-tras-recortarse-la-cuarta-etapa-por-el-fallecimiento-de-una-persona\/\">Seguir leyendo <span class=\"screen-reader-text\">McNulty gana en El Miserat tras recortarse la cuarta etapa por el fallecimiento de una persona\u00a0<\/span><\/a><\/p>\n","protected":false},"author":1,"featured_media":22896,"comment_status":"open","ping_status":"open","sticky":false,"template":"","format":"standard","meta":{"footnotes":""},"categories":[22,9],"tags":[],"class_list":["post-22902","post","type-post","status-publish","format-standard","has-post-thumbnail","hentry","category-ciclismo","category-mas-deporte","entry"],"_links":{"self":[{"href":"https:\/\/suasesport.com\/es\/wp-json\/wp\/v2\/posts\/22902","targetHints":{"allow":["GET"]}}],"collection":[{"href":"https:\/\/suasesport.com\/es\/wp-json\/wp\/v2\/posts"}],"about":[{"href":"https:\/\/suasesport.com\/es\/wp-json\/wp\/v2\/types\/post"}],"author":[{"embeddable":true,"href":"https:\/\/suasesport.com\/es\/wp-json\/wp\/v2\/users\/1"}],"replies":[{"embeddable":true,"href":"https:\/\/suasesport.com\/es\/wp-json\/wp\/v2\/comments?post=22902"}],"version-history":[{"count":5,"href":"https:\/\/suasesport.com\/es\/wp-json\/wp\/v2\/posts\/22902\/revisions"}],"predecessor-version":[{"id":22909,"href":"https:\/\/suasesport.com\/es\/wp-json\/wp\/v2\/posts\/22902\/revisions\/22909"}],"wp:featuredmedia":[{"embeddable":true,"href":"https:\/\/suasesport.com\/es\/wp-json\/wp\/v2\/media\/22896"}],"wp:attachment":[{"href":"https:\/\/suasesport.com\/es\/wp-json\/wp\/v2\/media?parent=22902"}],"wp:term":[{"taxonomy":"category","embeddable":true,"href":"https:\/\/suasesport.com\/es\/wp-json\/wp\/v2\/categories?post=22902"},{"taxonomy":"post_tag","embeddable":true,"href":"https:\/\/suasesport.com\/es\/wp-json\/wp\/v2\/tags?post=22902"}],"curies":[{"name":"wp","href":"https:\/\/api.w.org\/{rel}","templated":true}]}}