{"id":22426,"date":"2024-01-24T14:26:30","date_gmt":"2024-01-24T13:26:30","guid":{"rendered":"https:\/\/suasesport.com\/?p=22426"},"modified":"2024-01-24T14:26:32","modified_gmt":"2024-01-24T13:26:32","slug":"carlos-gonzalez-pego-y-sofia-martinez-teulada-son-subcampeones-provinciales-absolutos-de-800-m-l","status":"publish","type":"post","link":"https:\/\/suasesport.com\/es\/carlos-gonzalez-pego-y-sofia-martinez-teulada-son-subcampeones-provinciales-absolutos-de-800-m-l\/","title":{"rendered":"Carlos Gonz\u00e1lez (Pego) y Sof\u00eda Mart\u00ednez (Teulada) son subcampeones provinciales absolutos de 800 m.l."},"content":{"rendered":"\n<p>El pegolino Carlos Gonz\u00e1lez y la teuladina Sof\u00eda Mart\u00ednez, ambos atletas del Bale\u00e0ria Di\u00e0nium, se proclamaron campeones provinciales de pista cubierta en 800 metros lisos. Adem\u00e1s estos subcampeonatos hay que sumar la medalla de bronce de la dianense Nayra Turvey en lanzamiento de peso.\u00a0<\/p>\n\n\n\n<p>Treinta y tres atletas del Bale\u00e0ria Di\u00e0nium participaron en el provincial de pista cubierta que se celebr\u00f3 en Elche el s\u00e1bado, destacando los tres podios y las buenas marcas registradas.&nbsp;<\/p>\n\n\n\n<p>En 60 metros participaron: Daniel&nbsp;Barrera&nbsp;(7\u201d24), Pedro Mezquida (7\u201d49\u201d), Eric Nieto (7\u201d70), Carlos Lilienthal (8\u201d01), Francisco Torrent (8\u201d20), \u00c9rika Miralles (8\u201d47),&nbsp; Aitana Bertomeu (8\u201d55), Teo Torrent (8\u201d57), Luc\u00eda Valero (8\u201d85) y Magdalena Ant\u00f3n (8\u201d97).&nbsp;<\/p>\n\n\n\n<p>En los 200 metros lisos compitieron: Daniel Barrera (23\u201d39), Sa\u00fal Delgado (23\u201d73),&nbsp; Eric Nieto (24\u201d72), Pedro Mezquida (25\u201d07), Josep Mascarell Ribes (25\u201d71), Pedro Garc\u00eda (26\u201d61), Francisco Torrent (26\u201d79), Teo Torrent (28\u201d06), Aitana Bertomeu (28\u201d55), Katerina Moreno (29\u201d01), Luc\u00eda Valero (29\u201d63) y Magdalena Ant\u00f3n (30\u201d83). En los 400 metros lisos participaron: Joan P\u00e9rez (54\u201d69), D\u00eddac Ba\u00f1uls (55\u201d68), Josep Mascarell Ribes (56\u201d20), Pablo Garc\u00eda (58\u201d66), Iv\u00e1n G\u00f3mez (58\u201d98), Henry David Villafuerte (59\u201d34) Alberto Berruti (59\u201d73) y Ruth Almero (1\u201904\u201d27). En los 800 metros lisos compitieron: Carlos Gonz\u00e1lez (2\u201900\u201d46), D\u00eddac Ba\u00f1uls (2\u201908\u201d96), Roy Miftah Mart\u00ed (2\u201909\u201d10), Carlos Lilienthal (2\u201915\u201d10) y Sof\u00eda Mart\u00ednez (2\u201935\u201d55). En los 1.500 m.l. lo hicieron: Marco Garc\u00eda (4\u201921\u201d35) y \u00d3scar Buigues (4\u201932\u201d59). Ricard P\u00e9rez Mir\u00f3 hizo 10\u201929\u201d17 en los 3.000 lisos. En salto de p\u00e9rtiga compitieron: H\u00e9ctor Larrosa (3,35 m.), Pau Jagersma (3,15 m.), Iv\u00e1n G\u00f3mez (2,95 m.), Sa\u00fal Delgado (2,75 m.), Henry David Villafuerte (2,55 m.) y Carolina Crespo (2,25 m.). En salto de altura: \u00c9rika Miralles (4,75 m.) y Ruth Almero (4,56 m.). En lanzamiento de peso: Nayra Turvey (7,79 m.), Elena Stadnichuk (7,50 m.) y Katerina Moreno (6,81 m.).&nbsp;<\/p>\n\n\n\n<p>PROVINCIAL LANZAMIENTOS LARGOS SUB 14 Y SUB 16&nbsp;<\/p>\n\n\n\n<p>El campeonato provincial de lanzamientos largos Sub 14 y Sub 16 se disput\u00f3 en Torrevieja el s\u00e1bado. Los atletas de la EMA D\u00e9nia consiguieron un total de once medallas en las pruebas de disco, martillo y jabalina.&nbsp;<\/p>\n\n\n\n<p>En la categor\u00eda Sub 16, Jagersma Gonz\u00e1lez se proclam\u00f3 provincial (41,26 m.) y subcampe\u00f3n en jabalina (44,60 m.); Amaia Garc\u00eda de la Reina, subcampeona en jabalina (21,69 m.) y octava en disco; Eddy Mart\u00ednez, bronce en jabalina (39,22 m.) y bronce en disco (33,22 m.); Valeria Villa, bronce en martillo (24,48) y sexta en disco; Ricard P\u00e9rez Mir\u00f3, cuarto en martillo; Yaiza Ben\u00edtez, cuarta en jabalina y d\u00e9cimo segunda en disco; Iris Pons, quinta en disco y d\u00e9cimo tercera en jabalina; Izan Garc\u00eda, quinto en martillo y d\u00e9cimo cuarto en disco; Iv\u00e1n Delgado, sexto en martillo y octavo en disco; Carla Gomis, sexta en martillo y d\u00e9cimo quinta en disco; Jordi Alexis Vel\u00e1squez, s\u00e9ptimo en jabalina y d\u00e9cimo sexto en disco; Marc Ruiz, octavo en jabalina y d\u00e9cimo segundo en disco; Iv\u00e1n Tornero, d\u00e9cimo en disco y jabalina.&nbsp;<\/p>\n\n\n\n<p>En la categor\u00eda sub 14, Paula Llobell se proclam\u00f3 campeona provincial en martillo (19,32 m.) y qued\u00f3 octava en jabalina (11,99 m.); Candela Mu\u00f1oz, subcampeona en martillo (15,93 m.) y subcampeona en disco (20,25 m.); Savelii Bogatov, tercero en disco (19,79 m.) y cuarto en martillo (19,55 m.); Daniel Reig, tercero en jabalina (23,16 m.) y sexto en martillo; Eva Maier, cuarta en disco y novena en jabalina; Martina Reig, cuarta en martillo y octava en disco; Luc\u00eda Beteta, quinta en martillo y vig\u00e9simo tercera en jabalina; Helena G\u00f3mez, sexta en martillo y d\u00e9cimo novena en jabalina; Micaela Cenitagoya, s\u00e9ptima en martillo y d\u00e9cimo sexta en jabalina; Valent\u00edn Galleguillo, s\u00e9ptimo en martillo y d\u00e9cimo tercero en jabalina; Alba Valero, novena en martillo y vig\u00e9simo s\u00e9ptima en jabalina; Neus Lladosa, d\u00e9cima en martillo y vig\u00e9simo primera en disco; In\u00e9s Reig, d\u00e9cima en disco y vig\u00e9sima en jabalina; Arantxa Devesa, d\u00e9cimo segunda en disco y d\u00e9cimo cuarta en jabalina; Aisha Sidi, d\u00e9cimo cuarta en disco y vig\u00e9simo cuarta en jabalina; y Edurne Mart\u00ednez, vig\u00e9simo primera en jabalina.\u00a0<\/p>\n\n\n\n<p>Por otro lado, ese mismo s\u00e1bado por la ma\u00f1ana en Valencia la atleta Sub 16, Mar\u00eda Devesa particip\u00f3 en un control. En los 600 ml.l consigui\u00f3 una marca de 1\u201941\u201d22, lo que la sit\u00faa entre las mejores atletas de la Comunitat en esta prueba.<\/p>\n\n\n\n<p><\/p>\n\n\n\n<figure class=\"wp-block-gallery has-nested-images columns-default is-cropped wp-block-gallery-2 is-layout-flex wp-block-gallery-is-layout-flex\">\n<figure class=\"wp-block-image size-large\"><img loading=\"lazy\" decoding=\"async\" width=\"1024\" height=\"881\" data-id=\"22424\" src=\"https:\/\/suasesport.com\/wp-content\/uploads\/2024\/01\/Principal-1024x881.jpeg\" alt=\"\" class=\"wp-image-22424\" srcset=\"https:\/\/suasesport.com\/wp-content\/uploads\/2024\/01\/Principal-1024x881.jpeg 1024w, https:\/\/suasesport.com\/wp-content\/uploads\/2024\/01\/Principal-300x258.jpeg 300w, https:\/\/suasesport.com\/wp-content\/uploads\/2024\/01\/Principal-768x661.jpeg 768w, https:\/\/suasesport.com\/wp-content\/uploads\/2024\/01\/Principal-1536x1322.jpeg 1536w, https:\/\/suasesport.com\/wp-content\/uploads\/2024\/01\/Principal-1080x929.jpeg 1080w, https:\/\/suasesport.com\/wp-content\/uploads\/2024\/01\/Principal.jpeg 1606w\" sizes=\"auto, (max-width: 1024px) 100vw, 1024px\" \/><\/figure>\n<\/figure>\n","protected":false},"excerpt":{"rendered":"<p>El pegolino Carlos Gonz\u00e1lez y la teuladina Sof\u00eda Mart\u00ednez, ambos atletas del Bale\u00e0ria Di\u00e0nium, se proclamaron campeones provinciales de pista cubierta en 800 metros lisos. Adem\u00e1s estos subcampeonatos hay que sumar la medalla de bronce de la dianense Nayra Turvey en lanzamiento de peso.\u00a0 Treinta y tres atletas del Bale\u00e0ria Di\u00e0nium participaron en el provincial&hellip; <a class=\"more-link\" href=\"https:\/\/suasesport.com\/es\/carlos-gonzalez-pego-y-sofia-martinez-teulada-son-subcampeones-provinciales-absolutos-de-800-m-l\/\">Seguir leyendo <span class=\"screen-reader-text\">Carlos Gonz\u00e1lez (Pego) y Sof\u00eda Mart\u00ednez (Teulada) son subcampeones provinciales absolutos de 800 m.l.<\/span><\/a><\/p>\n","protected":false},"author":1,"featured_media":22422,"comment_status":"open","ping_status":"open","sticky":false,"template":"","format":"standard","meta":{"footnotes":""},"categories":[11],"tags":[],"class_list":["post-22426","post","type-post","status-publish","format-standard","has-post-thumbnail","hentry","category-atletismo","entry"],"_links":{"self":[{"href":"https:\/\/suasesport.com\/es\/wp-json\/wp\/v2\/posts\/22426","targetHints":{"allow":["GET"]}}],"collection":[{"href":"https:\/\/suasesport.com\/es\/wp-json\/wp\/v2\/posts"}],"about":[{"href":"https:\/\/suasesport.com\/es\/wp-json\/wp\/v2\/types\/post"}],"author":[{"embeddable":true,"href":"https:\/\/suasesport.com\/es\/wp-json\/wp\/v2\/users\/1"}],"replies":[{"embeddable":true,"href":"https:\/\/suasesport.com\/es\/wp-json\/wp\/v2\/comments?post=22426"}],"version-history":[{"count":4,"href":"https:\/\/suasesport.com\/es\/wp-json\/wp\/v2\/posts\/22426\/revisions"}],"predecessor-version":[{"id":22432,"href":"https:\/\/suasesport.com\/es\/wp-json\/wp\/v2\/posts\/22426\/revisions\/22432"}],"wp:featuredmedia":[{"embeddable":true,"href":"https:\/\/suasesport.com\/es\/wp-json\/wp\/v2\/media\/22422"}],"wp:attachment":[{"href":"https:\/\/suasesport.com\/es\/wp-json\/wp\/v2\/media?parent=22426"}],"wp:term":[{"taxonomy":"category","embeddable":true,"href":"https:\/\/suasesport.com\/es\/wp-json\/wp\/v2\/categories?post=22426"},{"taxonomy":"post_tag","embeddable":true,"href":"https:\/\/suasesport.com\/es\/wp-json\/wp\/v2\/tags?post=22426"}],"curies":[{"name":"wp","href":"https:\/\/api.w.org\/{rel}","templated":true}]}}