{"id":21872,"date":"2024-01-11T13:23:10","date_gmt":"2024-01-11T12:23:10","guid":{"rendered":"https:\/\/suasesport.com\/?p=21872"},"modified":"2024-01-11T17:26:59","modified_gmt":"2024-01-11T16:26:59","slug":"pedreguer-murla-denia-y-benissa-tendran-equipos-en-las-ligas-caixabanck-de-escala-i-corda-y-raspall","status":"publish","type":"post","link":"https:\/\/suasesport.com\/es\/pedreguer-murla-denia-y-benissa-tendran-equipos-en-las-ligas-caixabanck-de-escala-i-corda-y-raspall\/","title":{"rendered":"Pedreguer, Murla, D\u00e9nia y Benissa tendr\u00e1n equipos en las ligas CaixaBank de escala i corda y raspall\u00a0"},"content":{"rendered":"\n<p>Los Ayuntamientos de Pedreguer, Murla, D\u00e9nia y Benissa tendr\u00e1n equipos en las diferentes ligas CaixaBank profesionales de escala i corda y raspall. Adem\u00e1s los trinquets de la comarca acoger\u00e1n partidas de las diferentes competiciones. En escala i corda la fase regular arranca ma\u00f1ana viernes y se jugar\u00e1 en los trinquets de Vilamarxant, Pelayo, Pedreguer, La Pobla de Vallbona, Vila-real, Manises, Benisssa, Guadassuar, Sueca, X\u00e0bia, Orba, Petrer, Benidorm, Riba-roja, Murla o D\u00e9nia. En raspall la competici\u00f3n tambi\u00e9n se inicia ma\u00f1ana viernes y se disputar\u00e1 en los trinquets de Bellreguard, Xeraco, Piles, Llosa de Ranes, Ontinyent, Oliva, Guadassuar, D\u00e9nia o Castell\u00f3.&nbsp;<\/p>\n\n\n\n<p>La presentaci\u00f3n de las ligas se realiz\u00f3 en CaixaForum de Valencia y al acto asistieron trescientas personas entre jugadores y jugadoras, autoridades y gente vinculada a la pilota. Entre ellos el director general de Deportes de la Generalitat Valenciana, Luis Cervera; la directora territorial de CaixaBank en la Comunitat y Regi\u00f3n de Murcia, Olga Garc\u00eda; el presidente de la Diputaci\u00f3n de Valencia, Vicent Mome\u00f3; la concejala de Deportes del Ayuntamiento de Valencia, Rocio Gil; el presidente de la Federaci\u00f3n de Pilota, Vicent Molines; el alcalde de Pedreguer, Sergi Ferr\u00fas; los concejales de Deportes de D\u00e9nia y Benissa, Valen Alcal\u00e1 y Adri\u00e1n Cabrera, respectivamente; el director general de masymas Supermercados, Juan Jos\u00e9 Forn\u00e9s; el director ejecutivo de Rolser, Joan Server; as\u00ed como los miembros de la directiva de la Federaci\u00f3n, Jes\u00fas Fontestad, Ximo Manzano, Juanba Camarelles, Susana Serrano, Pedro L\u00f3pez, Pablo Esteve; y el director deportivo, Santi Navarro.\u00a0<\/p>\n\n\n\n<p>El presidente de la Federaci\u00f3n de Pilota se\u00f1al\u00f3 en su intervenci\u00f3n que se \u201cinicia una nueva era en la pilota valenciana. La voz de la pilota representante en sus varios estamentos ha hablado; quiere un cambio en su gesti\u00f3n, que deje su mirada inercial hacia el siglo pasado y nos muestre un camino adecuado a los tiempos actuales, un prop\u00f3sito muy ambicioso que coge forma en el Nuevo Modelo de Gesti\u00f3n Global\u201d.<\/p>\n\n\n\n<p>LAS COMPETICIONES DE ESCALA I CORDA<\/p>\n\n\n\n<p>Veinti\u00fan jugadores competir\u00e1n en la Liga CaixaBank Pro 1 de escala i corda, m\u00e1xima categor\u00eda de esta modalidad, divididos en ocho equipos, cinco tr\u00edos y la gran novedad de tres parejas. Puchol y Tom\u00e1s representar\u00e1n al equipo del Ayuntamiento de Pedreguer-masymas Supermercados; Marc y Javi al Ayuntamiento de Montserrat; Giner y Nacho al de Murla; Jos\u00e9 Salvador, Conillet y Monrabal al de Vila-real;&nbsp; Franc\u00e9s, Hilari y Carlos al de Benissa; Salva Palau, Salva y H\u00e9ctor al de D\u00e9nia; Pere Roc, Pere y Santi al de Benidorm; De la Vega, Jes\u00fas y \u00c1lvaro Gimeno al de Almussafes. La fase regular ser\u00e1 una liguilla, con siete jornadas y enfrentamientos de todos contra todos y se inicia ma\u00f1ana viernes. Las semifinales se disputar\u00e1n entre el 28 de febrero y el 4 de marzo, mientras que la final ser\u00e1 el domingo 17 de marzo en Pelayo.&nbsp;<\/p>\n\n\n\n<p>En la Liga CaixaBank Pro2, participan seis equipos de parejas. Alejandro y Javi Campos representar\u00e1n a Montserrat; Pablo Llinares y Bueno a Burriana, Carlos Donat y Guillermo a Marquessat; Mario y Muedra a Riba-roja; Julio y Guillem a Sueca; y Diego y \u00c1lvaro Ma\u00f1as a Vila-real.&nbsp;<\/p>\n\n\n\n<p>LAS COMPETICIONES DE RASPALL&nbsp;<\/p>\n\n\n\n<p>Tres son las competiciones de raspall, la Liga CaixaBank Pro 1 masculina y femenina, y Liga Pro2 masculina. La liga masculina Pro 1 comienza tambi\u00e9n ma\u00f1ana viernes en el Genov\u00e9s mientras que la femenina lo har\u00e1 el s\u00e1bado en Llosa de Ranes.&nbsp;<\/p>\n\n\n\n<p>En la Liga CaixaBank Pro 1 de raspall masculina participan tambi\u00e9n seis equipos, tres parejas y tres tr\u00edos, con un total de quince jugadores. Montaner y Tonet representar\u00e1n al Ayuntamiento de Genov\u00e9s; Iv\u00e1n y Seve al de Llosa de Ranes; Salelles y Brisca al&nbsp; de Oliva; Vicent, Canari y N\u00e9stor al de Xeraco; Marrah\u00ed, Lorja y Momparler al de Castell\u00f3; y Molt\u00f3, Murcianet y Bossio al de Barxeta. La liguilla de diez jornadas dar\u00e1 paso a las semifinales previstas para el 6 y 12 de marzo, mientras que la final se jugar\u00e1 el 24 de marzo.&nbsp;<\/p>\n\n\n\n<p>La Liga CaixaBank Pro1 de raspall femenino contar\u00e1 con seis equipos, formados por cinco tr\u00edos y una pareja despu\u00e9s de la baja por lesi\u00f3n de Mar Gim\u00e9nez. Victoria e Isabel integrar\u00e1n el \u00fanico d\u00fao de la competici\u00f3n, en representaci\u00f3n del Ayuntamiento de Bonrep\u00f2s i Mirambell. Erika, Myriam y Fanni jugar\u00e1n con el equipo del L&#8217;Alqueria d&#8217;Asnar; Ana, J\u00falia y Joana al de Tavernes de la Valldigna; Irene, Anabel y Mireia al de Massamagrell; Aida, Natalia y Marina al de Pedreguer-Rolser; y Aina Amparo y Noelia al de Val\u00e8ncia. El s\u00e1bado se jugar\u00e1 la primera partida en la Llosa de Ranes. La fase regular tendr\u00e1 cinco jornadas, las semifinales se jugar\u00e1n del 17 al 20 de febrero y la final est\u00e1 programada para el 3 de marzo.<\/p>\n\n\n\n<p>Quince jugadores divididos en seis equipos, tres parejas y tres tr\u00edos, son los que jugar\u00e1n la Liga Pro 2 de raspall masculina. David y Ricardet representar\u00e1n al Ayuntamiento del Genov\u00e9s; Boronat e Ibiza al de Xeraco; Ximo y Sergi al de Llosa de Ranes; Favarero, Rafa y Verd\u00fa al de Gavalda; Joan, Gabi y Javier al de Bicorp; y Ram\u00f3n, Marc y Alejandro al de C\u00e1rcer.&nbsp;<\/p>\n\n\n\n<p><\/p>\n\n\n\n<figure class=\"wp-block-gallery has-nested-images columns-default is-cropped wp-block-gallery-2 is-layout-flex wp-block-gallery-is-layout-flex\">\n<figure class=\"wp-block-image size-large\"><img loading=\"lazy\" decoding=\"async\" width=\"1024\" height=\"684\" data-id=\"21864\" src=\"https:\/\/suasesport.com\/wp-content\/uploads\/2024\/01\/FOTO-2-Els-protagonistes-de-la-Lliga-CaixaBank-Pro1-descala-i-corda-1024x684.jpg\" alt=\"\" class=\"wp-image-21864\" srcset=\"https:\/\/suasesport.com\/wp-content\/uploads\/2024\/01\/FOTO-2-Els-protagonistes-de-la-Lliga-CaixaBank-Pro1-descala-i-corda-1024x684.jpg 1024w, https:\/\/suasesport.com\/wp-content\/uploads\/2024\/01\/FOTO-2-Els-protagonistes-de-la-Lliga-CaixaBank-Pro1-descala-i-corda-300x200.jpg 300w, https:\/\/suasesport.com\/wp-content\/uploads\/2024\/01\/FOTO-2-Els-protagonistes-de-la-Lliga-CaixaBank-Pro1-descala-i-corda-768x513.jpg 768w, https:\/\/suasesport.com\/wp-content\/uploads\/2024\/01\/FOTO-2-Els-protagonistes-de-la-Lliga-CaixaBank-Pro1-descala-i-corda-1536x1025.jpg 1536w, https:\/\/suasesport.com\/wp-content\/uploads\/2024\/01\/FOTO-2-Els-protagonistes-de-la-Lliga-CaixaBank-Pro1-descala-i-corda-2048x1367.jpg 2048w, https:\/\/suasesport.com\/wp-content\/uploads\/2024\/01\/FOTO-2-Els-protagonistes-de-la-Lliga-CaixaBank-Pro1-descala-i-corda-1080x721.jpg 1080w\" sizes=\"auto, (max-width: 1024px) 100vw, 1024px\" \/><\/figure>\n<\/figure>\n\n\n\n<p><\/p>\n\n\n\n<p><\/p>\n\n\n\n<figure class=\"wp-block-gallery has-nested-images columns-default is-cropped wp-block-gallery-3 is-layout-flex wp-block-gallery-is-layout-flex\">\n<figure class=\"wp-block-image size-large\"><img loading=\"lazy\" decoding=\"async\" width=\"1024\" height=\"684\" data-id=\"21868\" src=\"https:\/\/suasesport.com\/wp-content\/uploads\/2024\/01\/FOTO-4-La-Lliga-Pro1-de-raspall-femeni-ja-calfa-motors-1024x684.jpg\" alt=\"\" class=\"wp-image-21868\" srcset=\"https:\/\/suasesport.com\/wp-content\/uploads\/2024\/01\/FOTO-4-La-Lliga-Pro1-de-raspall-femeni-ja-calfa-motors-1024x684.jpg 1024w, https:\/\/suasesport.com\/wp-content\/uploads\/2024\/01\/FOTO-4-La-Lliga-Pro1-de-raspall-femeni-ja-calfa-motors-300x200.jpg 300w, https:\/\/suasesport.com\/wp-content\/uploads\/2024\/01\/FOTO-4-La-Lliga-Pro1-de-raspall-femeni-ja-calfa-motors-768x513.jpg 768w, https:\/\/suasesport.com\/wp-content\/uploads\/2024\/01\/FOTO-4-La-Lliga-Pro1-de-raspall-femeni-ja-calfa-motors-1536x1025.jpg 1536w, https:\/\/suasesport.com\/wp-content\/uploads\/2024\/01\/FOTO-4-La-Lliga-Pro1-de-raspall-femeni-ja-calfa-motors-2048x1367.jpg 2048w, https:\/\/suasesport.com\/wp-content\/uploads\/2024\/01\/FOTO-4-La-Lliga-Pro1-de-raspall-femeni-ja-calfa-motors-1080x721.jpg 1080w\" sizes=\"auto, (max-width: 1024px) 100vw, 1024px\" \/><\/figure>\n<\/figure>\n\n\n\n<p><\/p>\n\n\n\n<p><\/p>\n\n\n\n<figure class=\"wp-block-gallery has-nested-images columns-default is-cropped wp-block-gallery-4 is-layout-flex wp-block-gallery-is-layout-flex\">\n<figure class=\"wp-block-image size-large\"><img loading=\"lazy\" decoding=\"async\" width=\"1024\" height=\"684\" data-id=\"21866\" src=\"https:\/\/suasesport.com\/wp-content\/uploads\/2024\/01\/FOTO-3-Els-jugadors-que-competiran-en-la-Lliga-Pro1-de-raspall-1024x684.jpg\" alt=\"\" class=\"wp-image-21866\" srcset=\"https:\/\/suasesport.com\/wp-content\/uploads\/2024\/01\/FOTO-3-Els-jugadors-que-competiran-en-la-Lliga-Pro1-de-raspall-1024x684.jpg 1024w, https:\/\/suasesport.com\/wp-content\/uploads\/2024\/01\/FOTO-3-Els-jugadors-que-competiran-en-la-Lliga-Pro1-de-raspall-300x200.jpg 300w, https:\/\/suasesport.com\/wp-content\/uploads\/2024\/01\/FOTO-3-Els-jugadors-que-competiran-en-la-Lliga-Pro1-de-raspall-768x513.jpg 768w, https:\/\/suasesport.com\/wp-content\/uploads\/2024\/01\/FOTO-3-Els-jugadors-que-competiran-en-la-Lliga-Pro1-de-raspall-1536x1025.jpg 1536w, https:\/\/suasesport.com\/wp-content\/uploads\/2024\/01\/FOTO-3-Els-jugadors-que-competiran-en-la-Lliga-Pro1-de-raspall-2048x1367.jpg 2048w, https:\/\/suasesport.com\/wp-content\/uploads\/2024\/01\/FOTO-3-Els-jugadors-que-competiran-en-la-Lliga-Pro1-de-raspall-1080x721.jpg 1080w\" sizes=\"auto, (max-width: 1024px) 100vw, 1024px\" \/><\/figure>\n<\/figure>\n\n\n\n<p><\/p>\n\n\n\n<p><\/p>\n\n\n\n<figure class=\"wp-block-gallery has-nested-images columns-default is-cropped wp-block-gallery-5 is-layout-flex wp-block-gallery-is-layout-flex\">\n<figure class=\"wp-block-image size-large\"><img loading=\"lazy\" decoding=\"async\" width=\"1024\" height=\"684\" data-id=\"21870\" src=\"https:\/\/suasesport.com\/wp-content\/uploads\/2024\/01\/FOTO-5-El-president-de-la-FPV-va-explicar-el-nou-projecte-de-gestio-globla-de-la-pilota-1024x684.jpg\" alt=\"\" class=\"wp-image-21870\" srcset=\"https:\/\/suasesport.com\/wp-content\/uploads\/2024\/01\/FOTO-5-El-president-de-la-FPV-va-explicar-el-nou-projecte-de-gestio-globla-de-la-pilota-1024x684.jpg 1024w, https:\/\/suasesport.com\/wp-content\/uploads\/2024\/01\/FOTO-5-El-president-de-la-FPV-va-explicar-el-nou-projecte-de-gestio-globla-de-la-pilota-300x200.jpg 300w, https:\/\/suasesport.com\/wp-content\/uploads\/2024\/01\/FOTO-5-El-president-de-la-FPV-va-explicar-el-nou-projecte-de-gestio-globla-de-la-pilota-768x513.jpg 768w, https:\/\/suasesport.com\/wp-content\/uploads\/2024\/01\/FOTO-5-El-president-de-la-FPV-va-explicar-el-nou-projecte-de-gestio-globla-de-la-pilota-1536x1025.jpg 1536w, https:\/\/suasesport.com\/wp-content\/uploads\/2024\/01\/FOTO-5-El-president-de-la-FPV-va-explicar-el-nou-projecte-de-gestio-globla-de-la-pilota-2048x1367.jpg 2048w, https:\/\/suasesport.com\/wp-content\/uploads\/2024\/01\/FOTO-5-El-president-de-la-FPV-va-explicar-el-nou-projecte-de-gestio-globla-de-la-pilota-1080x721.jpg 1080w\" sizes=\"auto, (max-width: 1024px) 100vw, 1024px\" \/><\/figure>\n<\/figure>\n","protected":false},"excerpt":{"rendered":"<p>Los Ayuntamientos de Pedreguer, Murla, D\u00e9nia y Benissa tendr\u00e1n equipos en las diferentes ligas CaixaBank profesionales de escala i corda y raspall. Adem\u00e1s los trinquets de la comarca acoger\u00e1n partidas de las diferentes competiciones. En escala i corda la fase regular arranca ma\u00f1ana viernes y se jugar\u00e1 en los trinquets de Vilamarxant, Pelayo, Pedreguer, La&hellip; <a class=\"more-link\" href=\"https:\/\/suasesport.com\/es\/pedreguer-murla-denia-y-benissa-tendran-equipos-en-las-ligas-caixabanck-de-escala-i-corda-y-raspall\/\">Seguir leyendo <span class=\"screen-reader-text\">Pedreguer, Murla, D\u00e9nia y Benissa tendr\u00e1n equipos en las ligas CaixaBank de escala i corda y raspall\u00a0<\/span><\/a><\/p>\n","protected":false},"author":1,"featured_media":21862,"comment_status":"open","ping_status":"open","sticky":false,"template":"","format":"standard","meta":{"footnotes":""},"categories":[127,13,128],"tags":[],"class_list":["post-21872","post","type-post","status-publish","format-standard","has-post-thumbnail","hentry","category-escalaicorda","category-pilota","category-raspall","entry"],"_links":{"self":[{"href":"https:\/\/suasesport.com\/es\/wp-json\/wp\/v2\/posts\/21872","targetHints":{"allow":["GET"]}}],"collection":[{"href":"https:\/\/suasesport.com\/es\/wp-json\/wp\/v2\/posts"}],"about":[{"href":"https:\/\/suasesport.com\/es\/wp-json\/wp\/v2\/types\/post"}],"author":[{"embeddable":true,"href":"https:\/\/suasesport.com\/es\/wp-json\/wp\/v2\/users\/1"}],"replies":[{"embeddable":true,"href":"https:\/\/suasesport.com\/es\/wp-json\/wp\/v2\/comments?post=21872"}],"version-history":[{"count":7,"href":"https:\/\/suasesport.com\/es\/wp-json\/wp\/v2\/posts\/21872\/revisions"}],"predecessor-version":[{"id":21885,"href":"https:\/\/suasesport.com\/es\/wp-json\/wp\/v2\/posts\/21872\/revisions\/21885"}],"wp:featuredmedia":[{"embeddable":true,"href":"https:\/\/suasesport.com\/es\/wp-json\/wp\/v2\/media\/21862"}],"wp:attachment":[{"href":"https:\/\/suasesport.com\/es\/wp-json\/wp\/v2\/media?parent=21872"}],"wp:term":[{"taxonomy":"category","embeddable":true,"href":"https:\/\/suasesport.com\/es\/wp-json\/wp\/v2\/categories?post=21872"},{"taxonomy":"post_tag","embeddable":true,"href":"https:\/\/suasesport.com\/es\/wp-json\/wp\/v2\/tags?post=21872"}],"curies":[{"name":"wp","href":"https:\/\/api.w.org\/{rel}","templated":true}]}}