{"id":21805,"date":"2024-01-10T10:28:05","date_gmt":"2024-01-10T09:28:05","guid":{"rendered":"https:\/\/suasesport.com\/?p=21805"},"modified":"2024-01-10T10:28:06","modified_gmt":"2024-01-10T09:28:06","slug":"el-campeonato-de-la-comunitat-valenciana-absoluto-se-celebra-en-denia-del-12-al-20-de-enero","status":"publish","type":"post","link":"https:\/\/suasesport.com\/es\/el-campeonato-de-la-comunitat-valenciana-absoluto-se-celebra-en-denia-del-12-al-20-de-enero\/","title":{"rendered":"El Campeonato de la Comunitat Valenciana Absoluto se celebra en D\u00e9nia del 12 al 20 de enero\u00a0"},"content":{"rendered":"\n<p>El CT D\u00e9nia acoger\u00e1 el Campeonato de Tenis de la Comunitat Valenciana Absoluto \u201cTrofeo Juan Carlos Ferrero\u201d del 12 al 20 de enero. Los mejores tenistas valencianos de las categor\u00edas masculina y femenina se dan cita a partir de este viernes en las pistas dianenses para luchar por el t\u00edtulo auton\u00f3mico tanto en individual como en dobles. Las finales de dobles est\u00e1n previstas que se jueguen el viernes 19 a las 14 horas, mientras que las finales individuales est\u00e1n programadas para el s\u00e1bado 20 a partir de las 11 horas.\u00a0<\/p>\n\n\n\n<p>El CT D\u00e9nia vuelve a organizar otro campeonato de la Comunitat Valenciana. El a\u00f1o pasado organiz\u00f3 el campeonato cadete que se disput\u00f3 del 10 al 17 de abril, campeonato que ganaron Charo Escriv\u00e1 y Andr\u00e9s Santamarta en categor\u00eda individual, mientras que en dobles los vencedores fueron Hern\u00e1ndez-Madue\u00f1o en la femenina y Maestre-Mart\u00ednez en la masculina.\u00a0<\/p>\n\n\n\n<p>PASCAL MAS, FINALISTA DEL CHAMPIONS BOWL VALENCIA<\/p>\n\n\n\n<p>Pascal Mas, jugador de la escuela de competici\u00f3n del CT D\u00e9nia, ha sido finalista Sub 11 del Torneo Champions Bolw que se ha disputado en Valencia. El dianense realiz\u00f3 un buen torneo pero no pudo alzarse con el t\u00edtulo al perder la final con Fernando de la Torre por 6-3 y 6-4.&nbsp;<\/p>\n\n\n\n<p><\/p>\n\n\n\n<figure class=\"wp-block-gallery has-nested-images columns-default is-cropped wp-block-gallery-2 is-layout-flex wp-block-gallery-is-layout-flex\">\n<figure class=\"wp-block-image size-large\"><img loading=\"lazy\" decoding=\"async\" width=\"574\" height=\"1024\" data-id=\"21803\" src=\"https:\/\/suasesport.com\/wp-content\/uploads\/2024\/01\/Pascal-Mas-finalista-sub-11-Champoions-Bowl-Valencia-574x1024.jpg\" alt=\"\" class=\"wp-image-21803\" srcset=\"https:\/\/suasesport.com\/wp-content\/uploads\/2024\/01\/Pascal-Mas-finalista-sub-11-Champoions-Bowl-Valencia-574x1024.jpg 574w, https:\/\/suasesport.com\/wp-content\/uploads\/2024\/01\/Pascal-Mas-finalista-sub-11-Champoions-Bowl-Valencia-168x300.jpg 168w, https:\/\/suasesport.com\/wp-content\/uploads\/2024\/01\/Pascal-Mas-finalista-sub-11-Champoions-Bowl-Valencia-768x1369.jpg 768w, https:\/\/suasesport.com\/wp-content\/uploads\/2024\/01\/Pascal-Mas-finalista-sub-11-Champoions-Bowl-Valencia-862x1536.jpg 862w, https:\/\/suasesport.com\/wp-content\/uploads\/2024\/01\/Pascal-Mas-finalista-sub-11-Champoions-Bowl-Valencia.jpg 934w\" sizes=\"auto, (max-width: 574px) 100vw, 574px\" \/><\/figure>\n<\/figure>\n","protected":false},"excerpt":{"rendered":"<p>El CT D\u00e9nia acoger\u00e1 el Campeonato de Tenis de la Comunitat Valenciana Absoluto \u201cTrofeo Juan Carlos Ferrero\u201d del 12 al 20 de enero. Los mejores tenistas valencianos de las categor\u00edas masculina y femenina se dan cita a partir de este viernes en las pistas dianenses para luchar por el t\u00edtulo auton\u00f3mico tanto en individual como&hellip; <a class=\"more-link\" href=\"https:\/\/suasesport.com\/es\/el-campeonato-de-la-comunitat-valenciana-absoluto-se-celebra-en-denia-del-12-al-20-de-enero\/\">Seguir leyendo <span class=\"screen-reader-text\">El Campeonato de la Comunitat Valenciana Absoluto se celebra en D\u00e9nia del 12 al 20 de enero\u00a0<\/span><\/a><\/p>\n","protected":false},"author":1,"featured_media":21807,"comment_status":"open","ping_status":"open","sticky":false,"template":"","format":"standard","meta":{"footnotes":""},"categories":[9,5],"tags":[],"class_list":["post-21805","post","type-post","status-publish","format-standard","has-post-thumbnail","hentry","category-mas-deporte","category-tenis","entry"],"_links":{"self":[{"href":"https:\/\/suasesport.com\/es\/wp-json\/wp\/v2\/posts\/21805","targetHints":{"allow":["GET"]}}],"collection":[{"href":"https:\/\/suasesport.com\/es\/wp-json\/wp\/v2\/posts"}],"about":[{"href":"https:\/\/suasesport.com\/es\/wp-json\/wp\/v2\/types\/post"}],"author":[{"embeddable":true,"href":"https:\/\/suasesport.com\/es\/wp-json\/wp\/v2\/users\/1"}],"replies":[{"embeddable":true,"href":"https:\/\/suasesport.com\/es\/wp-json\/wp\/v2\/comments?post=21805"}],"version-history":[{"count":4,"href":"https:\/\/suasesport.com\/es\/wp-json\/wp\/v2\/posts\/21805\/revisions"}],"predecessor-version":[{"id":21817,"href":"https:\/\/suasesport.com\/es\/wp-json\/wp\/v2\/posts\/21805\/revisions\/21817"}],"wp:featuredmedia":[{"embeddable":true,"href":"https:\/\/suasesport.com\/es\/wp-json\/wp\/v2\/media\/21807"}],"wp:attachment":[{"href":"https:\/\/suasesport.com\/es\/wp-json\/wp\/v2\/media?parent=21805"}],"wp:term":[{"taxonomy":"category","embeddable":true,"href":"https:\/\/suasesport.com\/es\/wp-json\/wp\/v2\/categories?post=21805"},{"taxonomy":"post_tag","embeddable":true,"href":"https:\/\/suasesport.com\/es\/wp-json\/wp\/v2\/tags?post=21805"}],"curies":[{"name":"wp","href":"https:\/\/api.w.org\/{rel}","templated":true}]}}