{"id":21780,"date":"2024-01-09T11:31:50","date_gmt":"2024-01-09T10:31:50","guid":{"rendered":"https:\/\/suasesport.com\/?p=21780"},"modified":"2024-01-09T11:35:23","modified_gmt":"2024-01-09T10:35:23","slug":"la-volta-a-la-marina-arranca-en-denia-y-tendra-cuatro-etapas-mas-en-la-comarca-ademas-del-trofeu-femines","status":"publish","type":"post","link":"https:\/\/suasesport.com\/es\/la-volta-a-la-marina-arranca-en-denia-y-tendra-cuatro-etapas-mas-en-la-comarca-ademas-del-trofeu-femines\/","title":{"rendered":"La Volta a la Marina arranca en D\u00e9nia y tendr\u00e1 cuatro etapas m\u00e1s en la comarca adem\u00e1s del Trofeu F\u00e9mines \u00a0"},"content":{"rendered":"\n<p>La trig\u00e9simo octava edici\u00f3n de la Volta a la Marina arranca en D\u00e9nia el domingo a las 10 horas. La etapa de D\u00e9nia ser\u00e1 la primera de las siete que completan esta edici\u00f3n, cuatro de las cuales ser\u00e1n en la comarca adem\u00e1s del Trofeu F\u00e9mines, exclusivo para mujeres, que se disputar\u00e1 en Ondara el 10 de marzo.&nbsp;<\/p>\n\n\n\n<p>La primera etapa de la Volta, D\u00e9nia-D\u00e9nia, tendr\u00e1 75 kil\u00f3metros y el recorrido ser\u00e1 D\u00e9nia, Pedreguer, Benidoleig, Pedreguer, Beniarbeig, Alto Sorells, Pego, Sagra, Orba, Benidoleig, Pedreguer y D\u00e9nia. Est\u00e1 organizada por el Club Uni\u00f3n Ciclista Montg\u00f3 de D\u00e9nia y cuenta con la colaboraci\u00f3n de la Concejal\u00eda de Deportes. La salida y la meta estar\u00e1n ubicadas en el Polideportivo Municipal de D\u00e9nia.<\/p>\n\n\n\n<p>LAS ETAPAS&nbsp;<\/p>\n\n\n\n<p>La primera etapa es la de D\u00e9nia el domingo, la segunda ser\u00e1 en Bolluda (28 enero), la tercera en Pego (4 febrero), la cuarta en Benissa (11 febrero), la quinta en Barxeta (25 febrero), la sexta en Pedreguer (3 de marzo), el Trofeu F\u00e9minas en Ondara (10 de marzo), la s\u00e9ptima y \u00faltima en Parcent (17 marzo).&nbsp;<\/p>\n","protected":false},"excerpt":{"rendered":"<p>La trig\u00e9simo octava edici\u00f3n de la Volta a la Marina arranca en D\u00e9nia el domingo a las 10 horas. La etapa de D\u00e9nia ser\u00e1 la primera de las siete que completan esta edici\u00f3n, cuatro de las cuales ser\u00e1n en la comarca adem\u00e1s del Trofeu F\u00e9mines, exclusivo para mujeres, que se disputar\u00e1 en Ondara el 10&hellip; <a class=\"more-link\" href=\"https:\/\/suasesport.com\/es\/la-volta-a-la-marina-arranca-en-denia-y-tendra-cuatro-etapas-mas-en-la-comarca-ademas-del-trofeu-femines\/\">Seguir leyendo <span class=\"screen-reader-text\">La Volta a la Marina arranca en D\u00e9nia y tendr\u00e1 cuatro etapas m\u00e1s en la comarca adem\u00e1s del Trofeu F\u00e9mines \u00a0<\/span><\/a><\/p>\n","protected":false},"author":1,"featured_media":21778,"comment_status":"open","ping_status":"open","sticky":false,"template":"","format":"standard","meta":{"footnotes":""},"categories":[22,9],"tags":[],"class_list":["post-21780","post","type-post","status-publish","format-standard","has-post-thumbnail","hentry","category-ciclismo","category-mas-deporte","entry"],"_links":{"self":[{"href":"https:\/\/suasesport.com\/es\/wp-json\/wp\/v2\/posts\/21780","targetHints":{"allow":["GET"]}}],"collection":[{"href":"https:\/\/suasesport.com\/es\/wp-json\/wp\/v2\/posts"}],"about":[{"href":"https:\/\/suasesport.com\/es\/wp-json\/wp\/v2\/types\/post"}],"author":[{"embeddable":true,"href":"https:\/\/suasesport.com\/es\/wp-json\/wp\/v2\/users\/1"}],"replies":[{"embeddable":true,"href":"https:\/\/suasesport.com\/es\/wp-json\/wp\/v2\/comments?post=21780"}],"version-history":[{"count":9,"href":"https:\/\/suasesport.com\/es\/wp-json\/wp\/v2\/posts\/21780\/revisions"}],"predecessor-version":[{"id":21792,"href":"https:\/\/suasesport.com\/es\/wp-json\/wp\/v2\/posts\/21780\/revisions\/21792"}],"wp:featuredmedia":[{"embeddable":true,"href":"https:\/\/suasesport.com\/es\/wp-json\/wp\/v2\/media\/21778"}],"wp:attachment":[{"href":"https:\/\/suasesport.com\/es\/wp-json\/wp\/v2\/media?parent=21780"}],"wp:term":[{"taxonomy":"category","embeddable":true,"href":"https:\/\/suasesport.com\/es\/wp-json\/wp\/v2\/categories?post=21780"},{"taxonomy":"post_tag","embeddable":true,"href":"https:\/\/suasesport.com\/es\/wp-json\/wp\/v2\/tags?post=21780"}],"curies":[{"name":"wp","href":"https:\/\/api.w.org\/{rel}","templated":true}]}}