{"id":21454,"date":"2023-12-19T13:57:05","date_gmt":"2023-12-19T12:57:05","guid":{"rendered":"https:\/\/suasesport.com\/?p=21454"},"modified":"2023-12-19T13:57:40","modified_gmt":"2023-12-19T12:57:40","slug":"el-dianense-juan-pouzols-sera-el-unico-jugador-de-la-comarca-que-dispute-el-cesa-sub-16","status":"publish","type":"post","link":"https:\/\/suasesport.com\/es\/el-dianense-juan-pouzols-sera-el-unico-jugador-de-la-comarca-que-dispute-el-cesa-sub-16\/","title":{"rendered":"El dianense Juan Pouzols ser\u00e1 el \u00fanico jugador de la comarca que dispute el CESA Sub 16\u00a0"},"content":{"rendered":"\n<p>El dianense Juan Pouzols (CFS Dianense) ser\u00e1 el \u00fanico jugador de la comarca que dispute el Campeonato de Espa\u00f1a de Selecciones Auton\u00f3micas (CESA) Sub 16. Al final el seleccionador Javier Juesas \u201cChampo\u201d no ha incluido en la lista definitiva al benissero Miguel Cabrera Dom\u00e9nech (Calpe Futsal). Hay que recordar que tanto Juan como Miquel participaron lunes de la pasada semana en el entrenamiento que la Selecci\u00f3n Valenciana realiz\u00f3 Alfafar, pero ahora el seleccionador tan solo ha incluido al jugador del CFS Dianense en la lista definitiva.<\/p>\n\n\n\n<p>La fase previa del CESA Sub 16 se disputa del 26 al 29 de diciembre en Extremadura. La selecci\u00f3n Sub 16 ha quedado encuadrada en el Grupo C junto con Extremadura, Arag\u00f3n y Castilla y Le\u00f3n. Si la Valenciana supera esta fase jugar\u00e1 la fase final del 26 al 28 de enero.&nbsp;<\/p>\n\n\n\n<p>La Selecci\u00f3n Valenciana realizar\u00e1 el \u00faltimo entrenamiento el pr\u00f3ximo lunes en Alfafar, a las 17 horas, antes de viajar a tierras extreme\u00f1as para jugar nacional Sub 16.&nbsp;<\/p>\n\n\n\n<p><\/p>\n","protected":false},"excerpt":{"rendered":"<p>El dianense Juan Pouzols (CFS Dianense) ser\u00e1 el \u00fanico jugador de la comarca que dispute el Campeonato de Espa\u00f1a de Selecciones Auton\u00f3micas (CESA) Sub 16. Al final el seleccionador Javier Juesas \u201cChampo\u201d no ha incluido en la lista definitiva al benissero Miguel Cabrera Dom\u00e9nech (Calpe Futsal). Hay que recordar que tanto Juan como Miquel participaron&hellip; <a class=\"more-link\" href=\"https:\/\/suasesport.com\/es\/el-dianense-juan-pouzols-sera-el-unico-jugador-de-la-comarca-que-dispute-el-cesa-sub-16\/\">Seguir leyendo <span class=\"screen-reader-text\">El dianense Juan Pouzols ser\u00e1 el \u00fanico jugador de la comarca que dispute el CESA Sub 16\u00a0<\/span><\/a><\/p>\n","protected":false},"author":1,"featured_media":21163,"comment_status":"open","ping_status":"open","sticky":false,"template":"","format":"standard","meta":{"footnotes":""},"categories":[7],"tags":[],"class_list":["post-21454","post","type-post","status-publish","format-standard","has-post-thumbnail","hentry","category-f-sala","entry"],"_links":{"self":[{"href":"https:\/\/suasesport.com\/es\/wp-json\/wp\/v2\/posts\/21454","targetHints":{"allow":["GET"]}}],"collection":[{"href":"https:\/\/suasesport.com\/es\/wp-json\/wp\/v2\/posts"}],"about":[{"href":"https:\/\/suasesport.com\/es\/wp-json\/wp\/v2\/types\/post"}],"author":[{"embeddable":true,"href":"https:\/\/suasesport.com\/es\/wp-json\/wp\/v2\/users\/1"}],"replies":[{"embeddable":true,"href":"https:\/\/suasesport.com\/es\/wp-json\/wp\/v2\/comments?post=21454"}],"version-history":[{"count":4,"href":"https:\/\/suasesport.com\/es\/wp-json\/wp\/v2\/posts\/21454\/revisions"}],"predecessor-version":[{"id":21463,"href":"https:\/\/suasesport.com\/es\/wp-json\/wp\/v2\/posts\/21454\/revisions\/21463"}],"wp:featuredmedia":[{"embeddable":true,"href":"https:\/\/suasesport.com\/es\/wp-json\/wp\/v2\/media\/21163"}],"wp:attachment":[{"href":"https:\/\/suasesport.com\/es\/wp-json\/wp\/v2\/media?parent=21454"}],"wp:term":[{"taxonomy":"category","embeddable":true,"href":"https:\/\/suasesport.com\/es\/wp-json\/wp\/v2\/categories?post=21454"},{"taxonomy":"post_tag","embeddable":true,"href":"https:\/\/suasesport.com\/es\/wp-json\/wp\/v2\/tags?post=21454"}],"curies":[{"name":"wp","href":"https:\/\/api.w.org\/{rel}","templated":true}]}}