{"id":21443,"date":"2023-12-19T13:18:17","date_gmt":"2023-12-19T12:18:17","guid":{"rendered":"https:\/\/suasesport.com\/?p=21443"},"modified":"2023-12-19T13:41:43","modified_gmt":"2023-12-19T12:41:43","slug":"el-dianense-jose-iglesias-y-el-calpino-carlos-alonso-estaran-con-la-valenciana-en-el-cesa-sub-19","status":"publish","type":"post","link":"https:\/\/suasesport.com\/es\/el-dianense-jose-iglesias-y-el-calpino-carlos-alonso-estaran-con-la-valenciana-en-el-cesa-sub-19\/","title":{"rendered":"El dianense Jos\u00e9 Iglesias y el calpino Carlos Alonso estar\u00e1n con la Valenciana en el CESA Sub 19\u00a0"},"content":{"rendered":"\n<p>El dianense Jos\u00e9 Iglesias Pastor (Marista Valencia) y el calpino Carlos Alonso Font (Calpe Futsal) estar\u00e1n en el Campeonato de Espa\u00f1a de Selecciones Auton\u00f3micas (CESA) Sub 19. As\u00ed lo ha confirmado la Federaci\u00f3n despu\u00e9s de que el seleccionador Patxi Aguilar haya dado la lista definitiva de jugadores que disputar\u00e1n el nacional representando a la Selecci\u00f3n Valenciana. <\/p>\n\n\n\n<p>La fase previa del CESA Sub 19 se disputa del 26 al 29 de diciembre en Extremadura. La selecci\u00f3n Sub 19 ha quedado encuadrada en el Grupo C junto con Extremadura, Arag\u00f3n y Castilla y Le\u00f3n. Si la Valenciana supera esta fase jugar\u00e1 la fase final del 26 al 28 de enero.<\/p>\n\n\n\n<p>La Selecci\u00f3n Valenciana realizar\u00e1 el \u00faltimo entrenamiento el pr\u00f3ximo lunes en Alfafar, a las 18.30 horas, antes de viajar a tierras extreme\u00f1as para jugar el nacional Sub 19.\u00a0<\/p>\n","protected":false},"excerpt":{"rendered":"<p>El dianense Jos\u00e9 Iglesias Pastor (Marista Valencia) y el calpino Carlos Alonso Font (Calpe Futsal) estar\u00e1n en el Campeonato de Espa\u00f1a de Selecciones Auton\u00f3micas (CESA) Sub 19. As\u00ed lo ha confirmado la Federaci\u00f3n despu\u00e9s de que el seleccionador Patxi Aguilar haya dado la lista definitiva de jugadores que disputar\u00e1n el nacional representando a la Selecci\u00f3n&hellip; <a class=\"more-link\" href=\"https:\/\/suasesport.com\/es\/el-dianense-jose-iglesias-y-el-calpino-carlos-alonso-estaran-con-la-valenciana-en-el-cesa-sub-19\/\">Seguir leyendo <span class=\"screen-reader-text\">El dianense Jos\u00e9 Iglesias y el calpino Carlos Alonso estar\u00e1n con la Valenciana en el CESA Sub 19\u00a0<\/span><\/a><\/p>\n","protected":false},"author":1,"featured_media":21156,"comment_status":"open","ping_status":"open","sticky":false,"template":"","format":"standard","meta":{"footnotes":""},"categories":[7],"tags":[],"class_list":["post-21443","post","type-post","status-publish","format-standard","has-post-thumbnail","hentry","category-f-sala","entry"],"_links":{"self":[{"href":"https:\/\/suasesport.com\/es\/wp-json\/wp\/v2\/posts\/21443","targetHints":{"allow":["GET"]}}],"collection":[{"href":"https:\/\/suasesport.com\/es\/wp-json\/wp\/v2\/posts"}],"about":[{"href":"https:\/\/suasesport.com\/es\/wp-json\/wp\/v2\/types\/post"}],"author":[{"embeddable":true,"href":"https:\/\/suasesport.com\/es\/wp-json\/wp\/v2\/users\/1"}],"replies":[{"embeddable":true,"href":"https:\/\/suasesport.com\/es\/wp-json\/wp\/v2\/comments?post=21443"}],"version-history":[{"count":6,"href":"https:\/\/suasesport.com\/es\/wp-json\/wp\/v2\/posts\/21443\/revisions"}],"predecessor-version":[{"id":21459,"href":"https:\/\/suasesport.com\/es\/wp-json\/wp\/v2\/posts\/21443\/revisions\/21459"}],"wp:featuredmedia":[{"embeddable":true,"href":"https:\/\/suasesport.com\/es\/wp-json\/wp\/v2\/media\/21156"}],"wp:attachment":[{"href":"https:\/\/suasesport.com\/es\/wp-json\/wp\/v2\/media?parent=21443"}],"wp:term":[{"taxonomy":"category","embeddable":true,"href":"https:\/\/suasesport.com\/es\/wp-json\/wp\/v2\/categories?post=21443"},{"taxonomy":"post_tag","embeddable":true,"href":"https:\/\/suasesport.com\/es\/wp-json\/wp\/v2\/tags?post=21443"}],"curies":[{"name":"wp","href":"https:\/\/api.w.org\/{rel}","templated":true}]}}