{"id":21312,"date":"2023-12-15T19:23:00","date_gmt":"2023-12-15T18:23:00","guid":{"rendered":"https:\/\/suasesport.com\/?p=21312"},"modified":"2023-12-15T19:23:01","modified_gmt":"2023-12-15T18:23:01","slug":"la-cuarta-etapa-de-la-volta-a-la-comunitat-tendra-protagonismo-comarcal-teulada-vall-debo","status":"publish","type":"post","link":"https:\/\/suasesport.com\/es\/la-cuarta-etapa-de-la-volta-a-la-comunitat-tendra-protagonismo-comarcal-teulada-vall-debo\/","title":{"rendered":"La cuarta etapa de la Volta a la Comunitat tendr\u00e1 protagonismo comarcal: Teulada-Vall d\u2019Ebo"},"content":{"rendered":"\n<p>La cuarta etapa de la 75 Volta Ciclista a la Comunitat Valenciana tendr\u00e1 protagonismo comarcal el s\u00e1bado 3 de febrero de 2024. Y es que la salida se dar\u00e1 desde Teulada y la meta en Vall d\u2019Ebo, y pasar\u00e1 por Castell de Castells, Benichembla, Parcent, Orba, Tormos, Sagra y Pego. Ser\u00e1 la etapa reina de monta\u00f1a y en la que a lo largo de los 175 km. de recorrido los ciclistas tendr\u00e1n que ascender cinco puertos de monta\u00f1a, siendo la gran novedad el Alto del Miserat. Una subida de algo m\u00e1s de 5 km. con una pendiente media del 10% y desniveles m\u00e1ximos del 20%. que se corona a 15 km. de la meta con apenas descenso. Un terreno dif\u00edcil hasta llegar a Vall d\u2019Ebo y con un repecho final de 2 km.\u00a0<\/p>\n\n\n\n<p>La presentaci\u00f3n de la 75 Volta a la Comunitat, que se disputar\u00e1 del 31 de enero al 4 de febrero, se realiz\u00f3 en la Marina de Valencia y contar\u00e1 con cinco etapas: Benic\u00e0ssim-Castell\u00f3 (31 de enero), Canals-Mancomunitat de la Valldigna (1 febrero), San Vicent del Raspeig-Orihuela (2 febrero),\u00a0 Teulada-Vall d\u2019Ebo (3 febrero) y B\u00e9tera-Valencia (4 febrero). Durante el acto tambi\u00e9n se realiz\u00f3 la presentaci\u00f3n de la 6 Volta Ciclista Comunitat F\u00e9minas, que compartir\u00e1 ruta con la etapa 5 de la prueba masculina.<\/p>\n","protected":false},"excerpt":{"rendered":"<p>La cuarta etapa de la 75 Volta Ciclista a la Comunitat Valenciana tendr\u00e1 protagonismo comarcal el s\u00e1bado 3 de febrero de 2024. Y es que la salida se dar\u00e1 desde Teulada y la meta en Vall d\u2019Ebo, y pasar\u00e1 por Castell de Castells, Benichembla, Parcent, Orba, Tormos, Sagra y Pego. Ser\u00e1 la etapa reina de&hellip; <a class=\"more-link\" href=\"https:\/\/suasesport.com\/es\/la-cuarta-etapa-de-la-volta-a-la-comunitat-tendra-protagonismo-comarcal-teulada-vall-debo\/\">Seguir leyendo <span class=\"screen-reader-text\">La cuarta etapa de la Volta a la Comunitat tendr\u00e1 protagonismo comarcal: Teulada-Vall d\u2019Ebo<\/span><\/a><\/p>\n","protected":false},"author":1,"featured_media":21314,"comment_status":"open","ping_status":"open","sticky":false,"template":"","format":"standard","meta":{"footnotes":""},"categories":[22,9],"tags":[],"class_list":["post-21312","post","type-post","status-publish","format-standard","has-post-thumbnail","hentry","category-ciclismo","category-mas-deporte","entry"],"_links":{"self":[{"href":"https:\/\/suasesport.com\/es\/wp-json\/wp\/v2\/posts\/21312","targetHints":{"allow":["GET"]}}],"collection":[{"href":"https:\/\/suasesport.com\/es\/wp-json\/wp\/v2\/posts"}],"about":[{"href":"https:\/\/suasesport.com\/es\/wp-json\/wp\/v2\/types\/post"}],"author":[{"embeddable":true,"href":"https:\/\/suasesport.com\/es\/wp-json\/wp\/v2\/users\/1"}],"replies":[{"embeddable":true,"href":"https:\/\/suasesport.com\/es\/wp-json\/wp\/v2\/comments?post=21312"}],"version-history":[{"count":2,"href":"https:\/\/suasesport.com\/es\/wp-json\/wp\/v2\/posts\/21312\/revisions"}],"predecessor-version":[{"id":21318,"href":"https:\/\/suasesport.com\/es\/wp-json\/wp\/v2\/posts\/21312\/revisions\/21318"}],"wp:featuredmedia":[{"embeddable":true,"href":"https:\/\/suasesport.com\/es\/wp-json\/wp\/v2\/media\/21314"}],"wp:attachment":[{"href":"https:\/\/suasesport.com\/es\/wp-json\/wp\/v2\/media?parent=21312"}],"wp:term":[{"taxonomy":"category","embeddable":true,"href":"https:\/\/suasesport.com\/es\/wp-json\/wp\/v2\/categories?post=21312"},{"taxonomy":"post_tag","embeddable":true,"href":"https:\/\/suasesport.com\/es\/wp-json\/wp\/v2\/tags?post=21312"}],"curies":[{"name":"wp","href":"https:\/\/api.w.org\/{rel}","templated":true}]}}