{"id":21104,"date":"2023-12-11T13:08:38","date_gmt":"2023-12-11T12:08:38","guid":{"rendered":"https:\/\/suasesport.com\/?p=21104"},"modified":"2023-12-11T13:08:39","modified_gmt":"2023-12-11T12:08:39","slug":"el-orba-planta-cara-pero-no-supera-al-santa-pola-en-la-eliminatoria-de-la-nostra-copa","status":"publish","type":"post","link":"https:\/\/suasesport.com\/es\/el-orba-planta-cara-pero-no-supera-al-santa-pola-en-la-eliminatoria-de-la-nostra-copa\/","title":{"rendered":"El Orba planta cara pero no supera al Santa Pola en la eliminatoria de La Nostra Copa"},"content":{"rendered":"\n<p>El Orba ha quedado apeado de La Nostra Copa en la primera eliminatoria de la fase final. Los taronja se enfrentaron ayer al Santa Pola, equipo de la Lliga Comunitat,\u00a0en un partido en el que acariciaron su pase que perdieron en el minuto 90.\u00a0<\/p>\n\n\n\n<p>El Orba empez\u00f3 muy bien el partido y en el minuto 20, Paco Lleches marc\u00f3 el 1-0. Seis minutos m\u00e1s tarde lleg\u00f3 el 2-0 obra de Iv\u00e1n Gim\u00e9nez. El Santa Pola logr\u00f3 reducir diferencias en el minuto 28, con un gol de Jer\u00f3nimo. Con 2-1 se lleg\u00f3 al descanso. En la segunda parte el Santa Pola apret\u00f3 ante un Orba intent\u00f3 sorprender en acciones a bal\u00f3n parado. Los visitantes lograron igualar el partido en el minuto 55 con un gol de \u00c1ngel de penalti. El partido cobr\u00f3 emoci\u00f3n y ambos equipos jugaron un f\u00fatbol directo. Y cuando todo hac\u00eda pensar que la eliminatoria iba a decidirse en la tanda de penalti lleg\u00f3 el gol de David Navarro que le dio el triunfo a su equipo.&nbsp;<\/p>\n","protected":false},"excerpt":{"rendered":"<p>El Orba ha quedado apeado de La Nostra Copa en la primera eliminatoria de la fase final. Los taronja se enfrentaron ayer al Santa Pola, equipo de la Lliga Comunitat,\u00a0en un partido en el que acariciaron su pase que perdieron en el minuto 90.\u00a0 El Orba empez\u00f3 muy bien el partido y en el minuto&hellip; <a class=\"more-link\" href=\"https:\/\/suasesport.com\/es\/el-orba-planta-cara-pero-no-supera-al-santa-pola-en-la-eliminatoria-de-la-nostra-copa\/\">Seguir leyendo <span class=\"screen-reader-text\">El Orba planta cara pero no supera al Santa Pola en la eliminatoria de La Nostra Copa<\/span><\/a><\/p>\n","protected":false},"author":1,"featured_media":21107,"comment_status":"open","ping_status":"open","sticky":false,"template":"","format":"standard","meta":{"footnotes":""},"categories":[6,145],"tags":[],"class_list":["post-21104","post","type-post","status-publish","format-standard","has-post-thumbnail","hentry","category-futbol","category-futbol-11","entry"],"_links":{"self":[{"href":"https:\/\/suasesport.com\/es\/wp-json\/wp\/v2\/posts\/21104","targetHints":{"allow":["GET"]}}],"collection":[{"href":"https:\/\/suasesport.com\/es\/wp-json\/wp\/v2\/posts"}],"about":[{"href":"https:\/\/suasesport.com\/es\/wp-json\/wp\/v2\/types\/post"}],"author":[{"embeddable":true,"href":"https:\/\/suasesport.com\/es\/wp-json\/wp\/v2\/users\/1"}],"replies":[{"embeddable":true,"href":"https:\/\/suasesport.com\/es\/wp-json\/wp\/v2\/comments?post=21104"}],"version-history":[{"count":2,"href":"https:\/\/suasesport.com\/es\/wp-json\/wp\/v2\/posts\/21104\/revisions"}],"predecessor-version":[{"id":21106,"href":"https:\/\/suasesport.com\/es\/wp-json\/wp\/v2\/posts\/21104\/revisions\/21106"}],"wp:featuredmedia":[{"embeddable":true,"href":"https:\/\/suasesport.com\/es\/wp-json\/wp\/v2\/media\/21107"}],"wp:attachment":[{"href":"https:\/\/suasesport.com\/es\/wp-json\/wp\/v2\/media?parent=21104"}],"wp:term":[{"taxonomy":"category","embeddable":true,"href":"https:\/\/suasesport.com\/es\/wp-json\/wp\/v2\/categories?post=21104"},{"taxonomy":"post_tag","embeddable":true,"href":"https:\/\/suasesport.com\/es\/wp-json\/wp\/v2\/tags?post=21104"}],"curies":[{"name":"wp","href":"https:\/\/api.w.org\/{rel}","templated":true}]}}