{"id":20921,"date":"2023-12-06T10:48:36","date_gmt":"2023-12-06T09:48:36","guid":{"rendered":"https:\/\/suasesport.com\/?p=20921"},"modified":"2023-12-06T10:48:37","modified_gmt":"2023-12-06T09:48:37","slug":"isaac-sanchez-sustituye-a-pau-gasquet-en-el-banquillo-del-cef-el-verger","status":"publish","type":"post","link":"https:\/\/suasesport.com\/es\/isaac-sanchez-sustituye-a-pau-gasquet-en-el-banquillo-del-cef-el-verger\/","title":{"rendered":"Isaac S\u00e1nchez sustituye a Pau Gasquet en el banquillo del CEF El Verger\u00a0"},"content":{"rendered":"\n<p>Isaac S\u00e1nchez es el nuevo entrenador del CEF El Verger y sustituye en el cargo a Pau Gasquet, tras llegar \u00e9ste \u00faltimo a un acuerdo con la directiva del club. Isaac llega al conjunto verger\u00ed tras marcharse como entrenador del primer equipo del Pego CF por desavenencias con el presidente. Llega acompa\u00f1ado por Jaume Serra y \u00c1ngel Salva, componentes de su cuerpo t\u00e9cnico.<\/p>\n\n\n\n<p>El club ha anunciado el fichaje de Isaac en un comunicado: \u201cIsaac S\u00e1nchez y su cuerpo t\u00e9cnico, \u00c1ngel y Jaume, se incorporan al proyecto del CEF El Verger. Con diversas temporadas plenas de \u00e9xitos en diferentes categor\u00edas del club de origen y el ascenso del Pego CF en su Centenario avalan su trayectoria\u201d.\u00a0<\/p>\n\n\n\n<p>Pau Gasquet y el CEF El Verger separan sus caminos, tras llegar a un acuerdo, seg\u00fan se\u00f1ala el comunicado emitido por el club en el que dice el por qu\u00e9 \u201clas dos partes coincidimos en la conveniencia de hacerlo as\u00ed. Des de el club queremos agradecer todos los servicios prestados en estos dos a\u00f1os y desearle la mejor de las suertes en sus pr\u00f3ximos proyectos\u201d.&nbsp;Hay que recordar que Pau lleg\u00f3 a El Verger en octubre de 2021 acompa\u00f1ado en su cuerpo t\u00e9cnico por Toni Ferrando y Xavi Pons. <\/p>\n\n\n\n<p><\/p>\n\n\n\n<figure class=\"wp-block-gallery has-nested-images columns-default is-cropped wp-block-gallery-2 is-layout-flex wp-block-gallery-is-layout-flex\">\n<figure class=\"wp-block-image size-large\"><img loading=\"lazy\" decoding=\"async\" width=\"1024\" height=\"636\" data-id=\"20919\" src=\"https:\/\/suasesport.com\/wp-content\/uploads\/2023\/12\/IMG_9159-1024x636.jpg\" alt=\"\" class=\"wp-image-20919\" srcset=\"https:\/\/suasesport.com\/wp-content\/uploads\/2023\/12\/IMG_9159-1024x636.jpg 1024w, https:\/\/suasesport.com\/wp-content\/uploads\/2023\/12\/IMG_9159-300x186.jpg 300w, https:\/\/suasesport.com\/wp-content\/uploads\/2023\/12\/IMG_9159-768x477.jpg 768w, https:\/\/suasesport.com\/wp-content\/uploads\/2023\/12\/IMG_9159-1080x671.jpg 1080w, https:\/\/suasesport.com\/wp-content\/uploads\/2023\/12\/IMG_9159.jpg 1266w\" sizes=\"auto, (max-width: 1024px) 100vw, 1024px\" \/><\/figure>\n<\/figure>\n","protected":false},"excerpt":{"rendered":"<p>Isaac S\u00e1nchez es el nuevo entrenador del CEF El Verger y sustituye en el cargo a Pau Gasquet, tras llegar \u00e9ste \u00faltimo a un acuerdo con la directiva del club. Isaac llega al conjunto verger\u00ed tras marcharse como entrenador del primer equipo del Pego CF por desavenencias con el presidente. Llega acompa\u00f1ado por Jaume Serra&hellip; <a class=\"more-link\" href=\"https:\/\/suasesport.com\/es\/isaac-sanchez-sustituye-a-pau-gasquet-en-el-banquillo-del-cef-el-verger\/\">Seguir leyendo <span class=\"screen-reader-text\">Isaac S\u00e1nchez sustituye a Pau Gasquet en el banquillo del CEF El Verger\u00a0<\/span><\/a><\/p>\n","protected":false},"author":1,"featured_media":20917,"comment_status":"open","ping_status":"open","sticky":false,"template":"","format":"standard","meta":{"footnotes":""},"categories":[6,145,152],"tags":[],"class_list":["post-20921","post","type-post","status-publish","format-standard","has-post-thumbnail","hentry","category-futbol","category-futbol-11","category-tercera-ffcv","entry"],"_links":{"self":[{"href":"https:\/\/suasesport.com\/es\/wp-json\/wp\/v2\/posts\/20921","targetHints":{"allow":["GET"]}}],"collection":[{"href":"https:\/\/suasesport.com\/es\/wp-json\/wp\/v2\/posts"}],"about":[{"href":"https:\/\/suasesport.com\/es\/wp-json\/wp\/v2\/types\/post"}],"author":[{"embeddable":true,"href":"https:\/\/suasesport.com\/es\/wp-json\/wp\/v2\/users\/1"}],"replies":[{"embeddable":true,"href":"https:\/\/suasesport.com\/es\/wp-json\/wp\/v2\/comments?post=20921"}],"version-history":[{"count":3,"href":"https:\/\/suasesport.com\/es\/wp-json\/wp\/v2\/posts\/20921\/revisions"}],"predecessor-version":[{"id":20929,"href":"https:\/\/suasesport.com\/es\/wp-json\/wp\/v2\/posts\/20921\/revisions\/20929"}],"wp:featuredmedia":[{"embeddable":true,"href":"https:\/\/suasesport.com\/es\/wp-json\/wp\/v2\/media\/20917"}],"wp:attachment":[{"href":"https:\/\/suasesport.com\/es\/wp-json\/wp\/v2\/media?parent=20921"}],"wp:term":[{"taxonomy":"category","embeddable":true,"href":"https:\/\/suasesport.com\/es\/wp-json\/wp\/v2\/categories?post=20921"},{"taxonomy":"post_tag","embeddable":true,"href":"https:\/\/suasesport.com\/es\/wp-json\/wp\/v2\/tags?post=20921"}],"curies":[{"name":"wp","href":"https:\/\/api.w.org\/{rel}","templated":true}]}}