{"id":20477,"date":"2023-11-23T18:31:50","date_gmt":"2023-11-23T17:31:50","guid":{"rendered":"https:\/\/suasesport.com\/?p=20477"},"modified":"2023-11-23T18:31:51","modified_gmt":"2023-11-23T17:31:51","slug":"eloi-salort-el-verger-vuelve-a-ser-convocado-por-la-seleccion-valenciana-infantil","status":"publish","type":"post","link":"https:\/\/suasesport.com\/es\/eloi-salort-el-verger-vuelve-a-ser-convocado-por-la-seleccion-valenciana-infantil\/","title":{"rendered":"Eloi Salort (El Verger) vuelve a ser convocado por la Selecci\u00f3n Valenciana Infantil\u00a0"},"content":{"rendered":"\n<p>El jugador del Garb\u00ed D\u00e9nia, Eloi Salort P\u00e9rez (El Verger), ha vuelto a ser convocado por la Selecci\u00f3n Valenciana Infantil de Balonmano para asistir al entrenamiento del domingo en Valencia. Esta es la segunda convocatoria del verger\u00ed ya que el pasado domingo estuvo en Mon\u00f3var. La Valenciana est\u00e1 preparando el Campeonato de Espa\u00f1a de Selecciones Auton\u00f3micas (CESA) que se disputar\u00e1 en Catalu\u00f1a del 2 al 7 de enero. La Valenciana ha quedado encuadrada en el Grupo A junto las selecciones de Castilla La Mancha, Principado Asturias y Arag\u00f3n. En el Grupo B est\u00e1n: Galicia, Castilla y Le\u00f3n, Catalu\u00f1a y Andaluc\u00eda.\u00a0<\/p>\n\n\n\n<p>Eloi Salort est\u00e1 citado el domingo a las 8.30 horas en el Polideportivo Marni de Valencia. La selecci\u00f3n realizar\u00e1 dos sesiones de entrenamiento, de 9.30 a 11 h. y de 14.30 a 15.30 horas. Esta es la pen\u00faltima convocatoria de la Valenciana antes del CESA.\u00a0<\/p>\n\n\n\n<p>Eloi Salort tiene 13 a\u00f1os y se inici\u00f3 en el balonmano en la Escuela Municipal de El Verger, bajo las \u00f3rdenes de Juanjo y el curso pasado ingres\u00f3 en el equipo infantil del Garb\u00ed D\u00e9nia bajo las \u00f3rdenes de Adri\u00e1n Carpi. La progresi\u00f3n del jugador ha ido cada d\u00eda a m\u00e1s y ha sido tal que al final del curso pasado fue becado para estar en el Centro de Alto Rendimiento de Cheste.<\/p>\n\n\n\n<p>El equipo infantil del Garb\u00ed, en el que juega Eloi Salort, est\u00e1 en un momento dulce, ya que ocupa la segunda posici\u00f3n en la tabla con tan solo una derrota y con serias esperanzas de jugar la fase de ascenso. La pasada temporada el equipo dianense qued\u00f3 \u00faltimo clasificado.&nbsp;<\/p>\n","protected":false},"excerpt":{"rendered":"<p>El jugador del Garb\u00ed D\u00e9nia, Eloi Salort P\u00e9rez (El Verger), ha vuelto a ser convocado por la Selecci\u00f3n Valenciana Infantil de Balonmano para asistir al entrenamiento del domingo en Valencia. Esta es la segunda convocatoria del verger\u00ed ya que el pasado domingo estuvo en Mon\u00f3var. La Valenciana est\u00e1 preparando el Campeonato de Espa\u00f1a de Selecciones&hellip; <a class=\"more-link\" href=\"https:\/\/suasesport.com\/es\/eloi-salort-el-verger-vuelve-a-ser-convocado-por-la-seleccion-valenciana-infantil\/\">Seguir leyendo <span class=\"screen-reader-text\">Eloi Salort (El Verger) vuelve a ser convocado por la Selecci\u00f3n Valenciana Infantil\u00a0<\/span><\/a><\/p>\n","protected":false},"author":1,"featured_media":20479,"comment_status":"open","ping_status":"open","sticky":false,"template":"","format":"standard","meta":{"footnotes":""},"categories":[18,9],"tags":[],"class_list":["post-20477","post","type-post","status-publish","format-standard","has-post-thumbnail","hentry","category-balonmano","category-mas-deporte","entry"],"_links":{"self":[{"href":"https:\/\/suasesport.com\/es\/wp-json\/wp\/v2\/posts\/20477","targetHints":{"allow":["GET"]}}],"collection":[{"href":"https:\/\/suasesport.com\/es\/wp-json\/wp\/v2\/posts"}],"about":[{"href":"https:\/\/suasesport.com\/es\/wp-json\/wp\/v2\/types\/post"}],"author":[{"embeddable":true,"href":"https:\/\/suasesport.com\/es\/wp-json\/wp\/v2\/users\/1"}],"replies":[{"embeddable":true,"href":"https:\/\/suasesport.com\/es\/wp-json\/wp\/v2\/comments?post=20477"}],"version-history":[{"count":3,"href":"https:\/\/suasesport.com\/es\/wp-json\/wp\/v2\/posts\/20477\/revisions"}],"predecessor-version":[{"id":20485,"href":"https:\/\/suasesport.com\/es\/wp-json\/wp\/v2\/posts\/20477\/revisions\/20485"}],"wp:featuredmedia":[{"embeddable":true,"href":"https:\/\/suasesport.com\/es\/wp-json\/wp\/v2\/media\/20479"}],"wp:attachment":[{"href":"https:\/\/suasesport.com\/es\/wp-json\/wp\/v2\/media?parent=20477"}],"wp:term":[{"taxonomy":"category","embeddable":true,"href":"https:\/\/suasesport.com\/es\/wp-json\/wp\/v2\/categories?post=20477"},{"taxonomy":"post_tag","embeddable":true,"href":"https:\/\/suasesport.com\/es\/wp-json\/wp\/v2\/tags?post=20477"}],"curies":[{"name":"wp","href":"https:\/\/api.w.org\/{rel}","templated":true}]}}