{"id":19877,"date":"2023-10-31T11:34:44","date_gmt":"2023-10-31T10:34:44","guid":{"rendered":"https:\/\/suasesport.com\/?p=19877"},"modified":"2023-10-31T11:34:46","modified_gmt":"2023-10-31T10:34:46","slug":"la-marina-alta-volvera-a-tener-protagonismo-en-el-rallye-la-nucia-mediterraneo","status":"publish","type":"post","link":"https:\/\/suasesport.com\/es\/la-marina-alta-volvera-a-tener-protagonismo-en-el-rallye-la-nucia-mediterraneo\/","title":{"rendered":"La Marina Alta volver\u00e1 a tener protagonismo en el Rallye La Nuc\u00eda-Mediterr\u00e1neo"},"content":{"rendered":"\n<p>Una vez m\u00e1s las carreteras de la Marina Alta volver\u00e1n a tener protagonismo en la vig\u00e9simo novena edici\u00f3n del Rally La Nuc\u00eda-Mediterr\u00e1neo Trofeo Costa Blanca que se disputa del 2 y 4 de noviembre. La primera jornada, la del viernes, la salida se dar\u00e1 desde La Nuc\u00eda y tendr\u00e1 tres tramos: T\u00e1rbena-Coll de Rates, Vall d\u2019Ebo-Pego y Xal\u00f3-B\u00e8rnia. En la jornada del s\u00e1bado, La Nuc\u00eda volver\u00e1 a ser el punto de salida para afrontar los otros tres tramos: Torremanzanas-Benifall\u00edm, Llu\u00eds Brotons-Rebolcat y Tudons-Relleu. El rallye, que transcurrir\u00e1 por una treintena de municipios del interior contar\u00e1 con un total de 600 kil\u00f3metros de los que 151 ser\u00e1n cronometrados en los doce tramos que cubrir\u00e1n los pilotos.&nbsp;<\/p>\n\n\n\n<p>El diputado de Deportes y alcalde de La Nuc\u00eda Bernab\u00e9 Cano, explic\u00f3 en la presentaci\u00f3n todos los detalles de la competici\u00f3n que vuelve a ser puntuable para el Internacional Iberian Rally Trophy de la FIA. Por eso los mejores pilotos del panorama nacional se dan cita en el Rallye La Nuc\u00eda. La presentaci\u00f3n, que se realiz\u00f3 en la sede de la Diputaci\u00f3n de Alicante, cont\u00f3 adem\u00e1s con Jos\u00e9 Vicente Medina, vicepresidente de la Federaci\u00f3n Espa\u00f1ola de Automovilismo (FEA); Vicente Cabanes, presidente de la Asociaci\u00f3n Interclubs de Automovilismo (AIA) y el piloto Antonio Zanini, primer espa\u00f1ol campe\u00f3n de Europa (1980). El jueves por la noche ser\u00e1 la ceremonia de salida que se celebrar\u00e1 en la Plaza del Auditori de les Nits de La Nuc\u00eda, a las 20 horas. El rallye ser\u00e1 retransmitido en directo por Teledeporte.&nbsp;<\/p>\n","protected":false},"excerpt":{"rendered":"<p>Una vez m\u00e1s las carreteras de la Marina Alta volver\u00e1n a tener protagonismo en la vig\u00e9simo novena edici\u00f3n del Rally La Nuc\u00eda-Mediterr\u00e1neo Trofeo Costa Blanca que se disputa del 2 y 4 de noviembre. La primera jornada, la del viernes, la salida se dar\u00e1 desde La Nuc\u00eda y tendr\u00e1 tres tramos: T\u00e1rbena-Coll de Rates, Vall&hellip; <a class=\"more-link\" href=\"https:\/\/suasesport.com\/es\/la-marina-alta-volvera-a-tener-protagonismo-en-el-rallye-la-nucia-mediterraneo\/\">Seguir leyendo <span class=\"screen-reader-text\">La Marina Alta volver\u00e1 a tener protagonismo en el Rallye La Nuc\u00eda-Mediterr\u00e1neo<\/span><\/a><\/p>\n","protected":false},"author":1,"featured_media":19873,"comment_status":"open","ping_status":"open","sticky":false,"template":"","format":"standard","meta":{"footnotes":""},"categories":[9,189],"tags":[],"class_list":["post-19877","post","type-post","status-publish","format-standard","has-post-thumbnail","hentry","category-mas-deporte","category-motor","entry"],"_links":{"self":[{"href":"https:\/\/suasesport.com\/es\/wp-json\/wp\/v2\/posts\/19877","targetHints":{"allow":["GET"]}}],"collection":[{"href":"https:\/\/suasesport.com\/es\/wp-json\/wp\/v2\/posts"}],"about":[{"href":"https:\/\/suasesport.com\/es\/wp-json\/wp\/v2\/types\/post"}],"author":[{"embeddable":true,"href":"https:\/\/suasesport.com\/es\/wp-json\/wp\/v2\/users\/1"}],"replies":[{"embeddable":true,"href":"https:\/\/suasesport.com\/es\/wp-json\/wp\/v2\/comments?post=19877"}],"version-history":[{"count":3,"href":"https:\/\/suasesport.com\/es\/wp-json\/wp\/v2\/posts\/19877\/revisions"}],"predecessor-version":[{"id":19882,"href":"https:\/\/suasesport.com\/es\/wp-json\/wp\/v2\/posts\/19877\/revisions\/19882"}],"wp:featuredmedia":[{"embeddable":true,"href":"https:\/\/suasesport.com\/es\/wp-json\/wp\/v2\/media\/19873"}],"wp:attachment":[{"href":"https:\/\/suasesport.com\/es\/wp-json\/wp\/v2\/media?parent=19877"}],"wp:term":[{"taxonomy":"category","embeddable":true,"href":"https:\/\/suasesport.com\/es\/wp-json\/wp\/v2\/categories?post=19877"},{"taxonomy":"post_tag","embeddable":true,"href":"https:\/\/suasesport.com\/es\/wp-json\/wp\/v2\/tags?post=19877"}],"curies":[{"name":"wp","href":"https:\/\/api.w.org\/{rel}","templated":true}]}}