{"id":19795,"date":"2023-10-29T18:24:03","date_gmt":"2023-10-29T17:24:03","guid":{"rendered":"https:\/\/suasesport.com\/?p=19795"},"modified":"2023-10-29T18:27:17","modified_gmt":"2023-10-29T17:27:17","slug":"el-cadeal-motor-club-ya-tiene-el-cartel-de-la-ultima-prueba-del-regional-de-slalom-que-se-disputa-en-denia","status":"publish","type":"post","link":"https:\/\/suasesport.com\/es\/el-cadeal-motor-club-ya-tiene-el-cartel-de-la-ultima-prueba-del-regional-de-slalom-que-se-disputa-en-denia\/","title":{"rendered":"El Cadeal Motor Club ya tiene el cartel de la \u00faltima prueba del Regional de Slalom que se disputa en D\u00e9nia"},"content":{"rendered":"\n<p>La cuarta y \u00faltima prueba del Campeonato de la Comunitat Valenciana de Slalom se disputa en D\u00e9nia el 26 de noviembre. El Cadeal Motor Club ya tiene el cartel de la competici\u00f3n que cerrar\u00e1 esta temporada el regional. Tras los t\u00edtulos conquistados por Maya Serrat (Clase 1), Eligio Requejo&nbsp; (Clase 4 Grupo 3) y Jes\u00fas Soriano (Clase 3 Grupo 1) en la prueba de Albaida, la escuder\u00eda dianense espera incrementar el n\u00famero de t\u00edtulos y hacerlo en casa. Y lo puede hacer con dos m\u00e1s, los que pueden conseguir Vicent Serrat (Clase 3 Grupo 1) y Albert Marcel (Clase VI Grupo 2), l\u00edderes en sus respectivas categor\u00edas. Vicent es l\u00edder con 204 puntos y le saca 28 puntos de ventaja al segundo clasificado Jos\u00e9 Pablo Gonz\u00e1lez, mientras que Marcel lo es con 244 puntos y le saca 11 puntos al segundo clasificado David P\u00e9rez.&nbsp;<\/p>\n\n\n\n<p>La cuarta edici\u00f3n del Slalom Ciutat de D\u00e9nia se disputar\u00e1 el 26 de noviembre en Torrecremada a las 12 horas la primera carrera y a las 13 horas la segunda. Los entrenamientos libres ser\u00e1n a las 10 y los entrenamientos oficiales a las 11.&nbsp;<\/p>\n\n\n\n<p>El campeonato se cierra en D\u00e9nia tras las las competiciones celebradas en Campello (abril), Chiva (junio) y Albaida (septiembre). Un regional en el otras dos pruebas, Agost (julio) y Alicante (octubre) fueron anuladas. <\/p>\n","protected":false},"excerpt":{"rendered":"<p>La cuarta y \u00faltima prueba del Campeonato de la Comunitat Valenciana de Slalom se disputa en D\u00e9nia el 26 de noviembre. El Cadeal Motor Club ya tiene el cartel de la competici\u00f3n que cerrar\u00e1 esta temporada el regional. Tras los t\u00edtulos conquistados por Maya Serrat (Clase 1), Eligio Requejo&nbsp; (Clase 4 Grupo 3) y Jes\u00fas&hellip; <a class=\"more-link\" href=\"https:\/\/suasesport.com\/es\/el-cadeal-motor-club-ya-tiene-el-cartel-de-la-ultima-prueba-del-regional-de-slalom-que-se-disputa-en-denia\/\">Seguir leyendo <span class=\"screen-reader-text\">El Cadeal Motor Club ya tiene el cartel de la \u00faltima prueba del Regional de Slalom que se disputa en D\u00e9nia<\/span><\/a><\/p>\n","protected":false},"author":1,"featured_media":19798,"comment_status":"open","ping_status":"open","sticky":false,"template":"","format":"standard","meta":{"footnotes":""},"categories":[9,189],"tags":[],"class_list":["post-19795","post","type-post","status-publish","format-standard","has-post-thumbnail","hentry","category-mas-deporte","category-motor","entry"],"_links":{"self":[{"href":"https:\/\/suasesport.com\/es\/wp-json\/wp\/v2\/posts\/19795","targetHints":{"allow":["GET"]}}],"collection":[{"href":"https:\/\/suasesport.com\/es\/wp-json\/wp\/v2\/posts"}],"about":[{"href":"https:\/\/suasesport.com\/es\/wp-json\/wp\/v2\/types\/post"}],"author":[{"embeddable":true,"href":"https:\/\/suasesport.com\/es\/wp-json\/wp\/v2\/users\/1"}],"replies":[{"embeddable":true,"href":"https:\/\/suasesport.com\/es\/wp-json\/wp\/v2\/comments?post=19795"}],"version-history":[{"count":6,"href":"https:\/\/suasesport.com\/es\/wp-json\/wp\/v2\/posts\/19795\/revisions"}],"predecessor-version":[{"id":19808,"href":"https:\/\/suasesport.com\/es\/wp-json\/wp\/v2\/posts\/19795\/revisions\/19808"}],"wp:featuredmedia":[{"embeddable":true,"href":"https:\/\/suasesport.com\/es\/wp-json\/wp\/v2\/media\/19798"}],"wp:attachment":[{"href":"https:\/\/suasesport.com\/es\/wp-json\/wp\/v2\/media?parent=19795"}],"wp:term":[{"taxonomy":"category","embeddable":true,"href":"https:\/\/suasesport.com\/es\/wp-json\/wp\/v2\/categories?post=19795"},{"taxonomy":"post_tag","embeddable":true,"href":"https:\/\/suasesport.com\/es\/wp-json\/wp\/v2\/tags?post=19795"}],"curies":[{"name":"wp","href":"https:\/\/api.w.org\/{rel}","templated":true}]}}