{"id":19546,"date":"2023-10-22T09:22:17","date_gmt":"2023-10-22T08:22:17","guid":{"rendered":"https:\/\/suasesport.com\/?p=19546"},"modified":"2023-10-22T09:24:13","modified_gmt":"2023-10-22T08:24:13","slug":"la-dianense-marta-garcia-se-proclama-campeona-de-la-f1-academy-en-austin","status":"publish","type":"post","link":"https:\/\/suasesport.com\/es\/la-dianense-marta-garcia-se-proclama-campeona-de-la-f1-academy-en-austin\/","title":{"rendered":"La dianense Marta Garc\u00eda se proclama campeona de la F1 Academy en Austin\u00a0"},"content":{"rendered":"\n<p>La dianense Marta Garc\u00eda, a sus 23 a\u00f1os, ha escrito con oro su nombre en la F1 Academy al proclamarse campeona en Austin (USA). La piloto del equipo Prema Racing ha ganado el primer mundial de esta nueva categor\u00eda. Y lo ha hecho, a falta de que se completaran la segunda y la tercera pruebas en el Circuito Las Am\u00e9ricas, con 60 puntos de ventaja sobre la segunda clasificada, L\u00e9na B\u00fchler. Con este triunfo Marta Garc\u00eda podr\u00e1 pilotar la pr\u00f3xima temporada en la F\u00f3rmula Regional Europea (FRECA), una parrilla que es mixta.&nbsp;<\/p>\n\n\n\n<p>La piloto de D\u00e9nia tras ganar el mundial declaraba a los micr\u00f3fonos de DAZN que \u201cestoy muy feliz por ganar este campeonato con mi equipo, es genial despu\u00e9s de tanto trabajo duro durante la temporada\u201d.\u00a0<\/p>\n\n\n\n<p><\/p>\n\n\n\n<figure class=\"wp-block-gallery has-nested-images columns-default is-cropped wp-block-gallery-2 is-layout-flex wp-block-gallery-is-layout-flex\">\n<figure class=\"wp-block-image size-large\"><img loading=\"lazy\" decoding=\"async\" width=\"819\" height=\"1024\" data-id=\"19554\" src=\"https:\/\/suasesport.com\/wp-content\/uploads\/2023\/10\/IMG_6330-819x1024.jpg\" alt=\"\" class=\"wp-image-19554\" srcset=\"https:\/\/suasesport.com\/wp-content\/uploads\/2023\/10\/IMG_6330-819x1024.jpg 819w, https:\/\/suasesport.com\/wp-content\/uploads\/2023\/10\/IMG_6330-240x300.jpg 240w, https:\/\/suasesport.com\/wp-content\/uploads\/2023\/10\/IMG_6330-768x960.jpg 768w, https:\/\/suasesport.com\/wp-content\/uploads\/2023\/10\/IMG_6330.jpg 1080w\" sizes=\"auto, (max-width: 819px) 100vw, 819px\" \/><\/figure>\n\n\n\n<figure class=\"wp-block-image size-large\"><img loading=\"lazy\" decoding=\"async\" width=\"768\" height=\"1024\" data-id=\"19550\" src=\"https:\/\/suasesport.com\/wp-content\/uploads\/2023\/10\/IMG_6333-768x1024.jpg\" alt=\"\" class=\"wp-image-19550\" srcset=\"https:\/\/suasesport.com\/wp-content\/uploads\/2023\/10\/IMG_6333-768x1024.jpg 768w, https:\/\/suasesport.com\/wp-content\/uploads\/2023\/10\/IMG_6333-225x300.jpg 225w, https:\/\/suasesport.com\/wp-content\/uploads\/2023\/10\/IMG_6333-1152x1536.jpg 1152w, https:\/\/suasesport.com\/wp-content\/uploads\/2023\/10\/IMG_6333-1080x1440.jpg 1080w, https:\/\/suasesport.com\/wp-content\/uploads\/2023\/10\/IMG_6333.jpg 1536w\" sizes=\"auto, (max-width: 768px) 100vw, 768px\" \/><\/figure>\n<\/figure>\n","protected":false},"excerpt":{"rendered":"<p>La dianense Marta Garc\u00eda, a sus 23 a\u00f1os, ha escrito con oro su nombre en la F1 Academy al proclamarse campeona en Austin (USA). La piloto del equipo Prema Racing ha ganado el primer mundial de esta nueva categor\u00eda. Y lo ha hecho, a falta de que se completaran la segunda y la tercera pruebas&hellip; <a class=\"more-link\" href=\"https:\/\/suasesport.com\/es\/la-dianense-marta-garcia-se-proclama-campeona-de-la-f1-academy-en-austin\/\">Seguir leyendo <span class=\"screen-reader-text\">La dianense Marta Garc\u00eda se proclama campeona de la F1 Academy en Austin\u00a0<\/span><\/a><\/p>\n","protected":false},"author":1,"featured_media":19556,"comment_status":"open","ping_status":"open","sticky":false,"template":"","format":"standard","meta":{"footnotes":""},"categories":[9,189],"tags":[],"class_list":["post-19546","post","type-post","status-publish","format-standard","has-post-thumbnail","hentry","category-mas-deporte","category-motor","entry"],"_links":{"self":[{"href":"https:\/\/suasesport.com\/es\/wp-json\/wp\/v2\/posts\/19546","targetHints":{"allow":["GET"]}}],"collection":[{"href":"https:\/\/suasesport.com\/es\/wp-json\/wp\/v2\/posts"}],"about":[{"href":"https:\/\/suasesport.com\/es\/wp-json\/wp\/v2\/types\/post"}],"author":[{"embeddable":true,"href":"https:\/\/suasesport.com\/es\/wp-json\/wp\/v2\/users\/1"}],"replies":[{"embeddable":true,"href":"https:\/\/suasesport.com\/es\/wp-json\/wp\/v2\/comments?post=19546"}],"version-history":[{"count":8,"href":"https:\/\/suasesport.com\/es\/wp-json\/wp\/v2\/posts\/19546\/revisions"}],"predecessor-version":[{"id":19568,"href":"https:\/\/suasesport.com\/es\/wp-json\/wp\/v2\/posts\/19546\/revisions\/19568"}],"wp:featuredmedia":[{"embeddable":true,"href":"https:\/\/suasesport.com\/es\/wp-json\/wp\/v2\/media\/19556"}],"wp:attachment":[{"href":"https:\/\/suasesport.com\/es\/wp-json\/wp\/v2\/media?parent=19546"}],"wp:term":[{"taxonomy":"category","embeddable":true,"href":"https:\/\/suasesport.com\/es\/wp-json\/wp\/v2\/categories?post=19546"},{"taxonomy":"post_tag","embeddable":true,"href":"https:\/\/suasesport.com\/es\/wp-json\/wp\/v2\/tags?post=19546"}],"curies":[{"name":"wp","href":"https:\/\/api.w.org\/{rel}","templated":true}]}}