{"id":19405,"date":"2023-10-18T12:18:23","date_gmt":"2023-10-18T11:18:23","guid":{"rendered":"https:\/\/suasesport.com\/?p=19405"},"modified":"2023-10-18T12:18:25","modified_gmt":"2023-10-18T11:18:25","slug":"antonio-soler-llebeig-y-marta-perez-cametes-ganan-el-cross-baix-montgo","status":"publish","type":"post","link":"https:\/\/suasesport.com\/es\/antonio-soler-llebeig-y-marta-perez-cametes-ganan-el-cross-baix-montgo\/","title":{"rendered":"Antonio Soler (Llebeig) y Marta P\u00e9rez (Cametes) ganan el Cross Baix Montg\u00f3\u00a0"},"content":{"rendered":"\n<p>Los atletas Antonio Soler (Llebeig X\u00e0bia) en categor\u00eda masculina y Marta P\u00e9rez (Cametes Pedreguer) en la femenina han sido los vencedores del Cross Baix Montg\u00f3. Un cross, que organizan conjuntamente los clubes de atletismo Llebeig X\u00e0bia y La Faixa de Jes\u00fas Pobre, que ha cumplido en esta su trig\u00e9simo primera edici\u00f3n.&nbsp;<\/p>\n\n\n\n<p>Doscientos cuarenta y cuatro atletas de las categor\u00edas juvenil, s\u00e9nior y veteranos fueron los que finalizaron la carrera que se realiza por la falda del Montg\u00f3.&nbsp;<\/p>\n\n\n\n<p>En categor\u00eda masculina, el Llebeig hizo pleno en el podio, ya que los tres primeros clasificados han sido atletas suyos. Antonio Soler fue el m\u00e1s r\u00e1pido de todos y cubri\u00f3 el recorrido, que separa X\u00e0bia y Jes\u00fas Pobre, con un tiempo de 42\u201937\u201d. James Whitehead ha quedado segundo con 43\u201911\u201d y Jos\u00e9 Manuel Garc\u00eda, tercero con 44\u201907\u201d.&nbsp;<\/p>\n\n\n\n<p>En categor\u00eda femenina, la vencedora ha sido Marta P\u00e9rez. La pedreguera se ha impuesto en la l\u00ednea de meta con un tiempo de 51\u201920\u201d, sac\u00e1ndole casi tres minutos a la segunda clasificada, Sophie Mullins (Llebeig). La tercera clasificada ha sido otra atleta del Llebeig, Ana Bisquert con 58\u201930\u201d.&nbsp;<\/p>\n\n\n\n<p><\/p>\n\n\n\n<figure class=\"wp-block-gallery has-nested-images columns-default is-cropped wp-block-gallery-2 is-layout-flex wp-block-gallery-is-layout-flex\"><\/figure>\n\n\n\n<p><\/p>\n\n\n\n<p><\/p>\n\n\n\n<figure class=\"wp-block-gallery has-nested-images columns-default is-cropped wp-block-gallery-3 is-layout-flex wp-block-gallery-is-layout-flex\">\n<figure class=\"wp-block-image size-large\"><img loading=\"lazy\" decoding=\"async\" width=\"1024\" height=\"1024\" data-id=\"19401\" src=\"https:\/\/suasesport.com\/wp-content\/uploads\/2023\/10\/IMG_9008-1024x1024.jpg\" alt=\"\" class=\"wp-image-19401\" srcset=\"https:\/\/suasesport.com\/wp-content\/uploads\/2023\/10\/IMG_9008-1024x1024.jpg 1024w, https:\/\/suasesport.com\/wp-content\/uploads\/2023\/10\/IMG_9008-300x300.jpg 300w, https:\/\/suasesport.com\/wp-content\/uploads\/2023\/10\/IMG_9008-150x150.jpg 150w, https:\/\/suasesport.com\/wp-content\/uploads\/2023\/10\/IMG_9008-768x768.jpg 768w, https:\/\/suasesport.com\/wp-content\/uploads\/2023\/10\/IMG_9008-1536x1536.jpg 1536w, https:\/\/suasesport.com\/wp-content\/uploads\/2023\/10\/IMG_9008-1080x1080.jpg 1080w, https:\/\/suasesport.com\/wp-content\/uploads\/2023\/10\/IMG_9008-440x440.jpg 440w, https:\/\/suasesport.com\/wp-content\/uploads\/2023\/10\/IMG_9008.jpg 2048w\" sizes=\"auto, (max-width: 1024px) 100vw, 1024px\" \/><\/figure>\n\n\n\n<figure class=\"wp-block-image size-large\"><img loading=\"lazy\" decoding=\"async\" width=\"768\" height=\"1024\" data-id=\"19403\" src=\"https:\/\/suasesport.com\/wp-content\/uploads\/2023\/10\/IMG_9007.jpg\" alt=\"\" class=\"wp-image-19403\" srcset=\"https:\/\/suasesport.com\/wp-content\/uploads\/2023\/10\/IMG_9007.jpg 768w, https:\/\/suasesport.com\/wp-content\/uploads\/2023\/10\/IMG_9007-225x300.jpg 225w\" sizes=\"auto, (max-width: 768px) 100vw, 768px\" \/><\/figure>\n<\/figure>\n","protected":false},"excerpt":{"rendered":"<p>Los atletas Antonio Soler (Llebeig X\u00e0bia) en categor\u00eda masculina y Marta P\u00e9rez (Cametes Pedreguer) en la femenina han sido los vencedores del Cross Baix Montg\u00f3. Un cross, que organizan conjuntamente los clubes de atletismo Llebeig X\u00e0bia y La Faixa de Jes\u00fas Pobre, que ha cumplido en esta su trig\u00e9simo primera edici\u00f3n.&nbsp; Doscientos cuarenta y cuatro&hellip; <a class=\"more-link\" href=\"https:\/\/suasesport.com\/es\/antonio-soler-llebeig-y-marta-perez-cametes-ganan-el-cross-baix-montgo\/\">Seguir leyendo <span class=\"screen-reader-text\">Antonio Soler (Llebeig) y Marta P\u00e9rez (Cametes) ganan el Cross Baix Montg\u00f3\u00a0<\/span><\/a><\/p>\n","protected":false},"author":1,"featured_media":19407,"comment_status":"open","ping_status":"open","sticky":false,"template":"","format":"standard","meta":{"footnotes":""},"categories":[11],"tags":[],"class_list":["post-19405","post","type-post","status-publish","format-standard","has-post-thumbnail","hentry","category-atletismo","entry"],"_links":{"self":[{"href":"https:\/\/suasesport.com\/es\/wp-json\/wp\/v2\/posts\/19405","targetHints":{"allow":["GET"]}}],"collection":[{"href":"https:\/\/suasesport.com\/es\/wp-json\/wp\/v2\/posts"}],"about":[{"href":"https:\/\/suasesport.com\/es\/wp-json\/wp\/v2\/types\/post"}],"author":[{"embeddable":true,"href":"https:\/\/suasesport.com\/es\/wp-json\/wp\/v2\/users\/1"}],"replies":[{"embeddable":true,"href":"https:\/\/suasesport.com\/es\/wp-json\/wp\/v2\/comments?post=19405"}],"version-history":[{"count":5,"href":"https:\/\/suasesport.com\/es\/wp-json\/wp\/v2\/posts\/19405\/revisions"}],"predecessor-version":[{"id":19415,"href":"https:\/\/suasesport.com\/es\/wp-json\/wp\/v2\/posts\/19405\/revisions\/19415"}],"wp:featuredmedia":[{"embeddable":true,"href":"https:\/\/suasesport.com\/es\/wp-json\/wp\/v2\/media\/19407"}],"wp:attachment":[{"href":"https:\/\/suasesport.com\/es\/wp-json\/wp\/v2\/media?parent=19405"}],"wp:term":[{"taxonomy":"category","embeddable":true,"href":"https:\/\/suasesport.com\/es\/wp-json\/wp\/v2\/categories?post=19405"},{"taxonomy":"post_tag","embeddable":true,"href":"https:\/\/suasesport.com\/es\/wp-json\/wp\/v2\/tags?post=19405"}],"curies":[{"name":"wp","href":"https:\/\/api.w.org\/{rel}","templated":true}]}}