{"id":19326,"date":"2023-10-17T13:09:32","date_gmt":"2023-10-17T12:09:32","guid":{"rendered":"https:\/\/suasesport.com\/?p=19326"},"modified":"2023-10-17T13:13:06","modified_gmt":"2023-10-17T12:13:06","slug":"tres-representantes-del-cp-marina-alta-participaran-en-el-campeonato-autonomico","status":"publish","type":"post","link":"https:\/\/suasesport.com\/es\/tres-representantes-del-cp-marina-alta-participaran-en-el-campeonato-autonomico\/","title":{"rendered":"Tres representantes del CP Marina Alta participar\u00e1n en el Campeonato Auton\u00f3mico\u00a0"},"content":{"rendered":"\n<p>Los dianenses Juan Pedro Mart\u00ednez y Javier Ramos y el ondarense Jos\u00e9 Luis Gasc\u00f3n del CP Marina Alta participar\u00e1n en el Campeonato Auton\u00f3mico de Pesca en la modalidad mar-costa que se disputar\u00e1 en Guardamar del Segura el s\u00e1bado. Los tres buscar\u00e1n estar entre los doce primeros para clasificarse para el nacional que se celebrar\u00e1 en las playas de Laredo (Cantabria) la semana antes de Navidad. Un nacional en el que ya est\u00e1 clasificado el dianense Marco Aledo al quedar subcampe\u00f3n provincial en 2022.\u00a0<\/p>\n\n\n\n<p>El campeonato auton\u00f3mico se disputa a dos mangas de tres horas cada una. La competici\u00f3n se iniciar\u00e1 a las 19 horas con la disputa de la primera manga y a las 23.30 h. ser\u00e1 la segunda. Los doce primeros clasificados ir\u00e1n al Campeonato de Espa\u00f1a, mientras que los que queden en los puestos trece, catorce y quince se clasificar\u00e1n para el auton\u00f3mico de 2024.&nbsp;<\/p>\n\n\n\n<p>FOTO: Jos\u00e9 Luis Gasc\u00f3n, uno de los tres representantes del club que participan en el auton\u00f3mico. <\/p>\n","protected":false},"excerpt":{"rendered":"<p>Los dianenses Juan Pedro Mart\u00ednez y Javier Ramos y el ondarense Jos\u00e9 Luis Gasc\u00f3n del CP Marina Alta participar\u00e1n en el Campeonato Auton\u00f3mico de Pesca en la modalidad mar-costa que se disputar\u00e1 en Guardamar del Segura el s\u00e1bado. Los tres buscar\u00e1n estar entre los doce primeros para clasificarse para el nacional que se celebrar\u00e1 en&hellip; <a class=\"more-link\" href=\"https:\/\/suasesport.com\/es\/tres-representantes-del-cp-marina-alta-participaran-en-el-campeonato-autonomico\/\">Seguir leyendo <span class=\"screen-reader-text\">Tres representantes del CP Marina Alta participar\u00e1n en el Campeonato Auton\u00f3mico\u00a0<\/span><\/a><\/p>\n","protected":false},"author":1,"featured_media":19332,"comment_status":"open","ping_status":"open","sticky":false,"template":"","format":"standard","meta":{"footnotes":""},"categories":[10,187],"tags":[],"class_list":["post-19326","post","type-post","status-publish","format-standard","has-post-thumbnail","hentry","category-acuaticos","category-pesca","entry"],"_links":{"self":[{"href":"https:\/\/suasesport.com\/es\/wp-json\/wp\/v2\/posts\/19326","targetHints":{"allow":["GET"]}}],"collection":[{"href":"https:\/\/suasesport.com\/es\/wp-json\/wp\/v2\/posts"}],"about":[{"href":"https:\/\/suasesport.com\/es\/wp-json\/wp\/v2\/types\/post"}],"author":[{"embeddable":true,"href":"https:\/\/suasesport.com\/es\/wp-json\/wp\/v2\/users\/1"}],"replies":[{"embeddable":true,"href":"https:\/\/suasesport.com\/es\/wp-json\/wp\/v2\/comments?post=19326"}],"version-history":[{"count":8,"href":"https:\/\/suasesport.com\/es\/wp-json\/wp\/v2\/posts\/19326\/revisions"}],"predecessor-version":[{"id":19344,"href":"https:\/\/suasesport.com\/es\/wp-json\/wp\/v2\/posts\/19326\/revisions\/19344"}],"wp:featuredmedia":[{"embeddable":true,"href":"https:\/\/suasesport.com\/es\/wp-json\/wp\/v2\/media\/19332"}],"wp:attachment":[{"href":"https:\/\/suasesport.com\/es\/wp-json\/wp\/v2\/media?parent=19326"}],"wp:term":[{"taxonomy":"category","embeddable":true,"href":"https:\/\/suasesport.com\/es\/wp-json\/wp\/v2\/categories?post=19326"},{"taxonomy":"post_tag","embeddable":true,"href":"https:\/\/suasesport.com\/es\/wp-json\/wp\/v2\/tags?post=19326"}],"curies":[{"name":"wp","href":"https:\/\/api.w.org\/{rel}","templated":true}]}}