{"id":18864,"date":"2023-10-05T17:55:34","date_gmt":"2023-10-05T16:55:34","guid":{"rendered":"https:\/\/suasesport.com\/?p=18864"},"modified":"2023-10-05T17:55:36","modified_gmt":"2023-10-05T16:55:36","slug":"el-rovellet-de-denia-acoge-una-de-las-tres-partidas-inaugurales-de-la-copa-2-caixa-popular","status":"publish","type":"post","link":"https:\/\/suasesport.com\/es\/el-rovellet-de-denia-acoge-una-de-las-tres-partidas-inaugurales-de-la-copa-2-caixa-popular\/","title":{"rendered":"El Rovellet de D\u00e9nia acoge una de las tres partidas inaugurales de la Copa 2 Caixa Popular"},"content":{"rendered":"\n<p>El trinquet El Rovellet de Denia ser\u00e1 escenario el viernes de una de las tres partidas que abren la competici\u00f3n de la Copa 2 Caixa Popular. Vicent y Monraball II se enfrentan a Alejandro e Hilari en una partida que se juega en la modalidad de escala i corda y que se jugar\u00e1 a las 18 horas. Pero esta partida no ser\u00e1 la \u00fanica que se dispute en El Rovellet el viernes ya que tambi\u00e9n dos horas m\u00e1s tarde se jugar\u00e1 la correspondiente a la primera fase de la Copa Caixa Popular de escala i corda que enfrentar\u00e1 al equipo de D\u00e9nia, formado por Jos\u00e9 Salvador y Tom\u00e1s II, contra el de la Pobla de Vallbona, formado por Puchol II y \u00c1lvaro Gimeno.&nbsp;<\/p>\n\n\n\n<p>La presentaci\u00f3n de la Copa 2, que se jugar\u00e1 en las modalidades de raspall y de escala i corda, ha sido presentada hoy en la sede central de Caixa Popular. La competici\u00f3n est\u00e1 orientada a la formaci\u00f3n de j\u00f3venes aspirantes a figura, aunque tambi\u00e9n participan algunos jugadores ya consolidados.&nbsp;<\/p>\n\n\n\n<p>Seis equipos divididos en dos grupos de tres son los que participan en cada una de las modalidades. En raspall en el Grupo A est\u00e1n: Ramonet y Ricardet, Joan y Sergi y Monillo y Bossio; y en el Grupo B: Boronat y N\u00e9stor, David y Momparler, y Feo y Rafa. En el grupo A de escala i corda est\u00e1n: Julio y Javi Campos, Adri\u00e1n II y Bueno, y Mario y Guillermo; y en el Grupo B: Diego y Carlos, Vicent y Monraball II, y Alejandro e Hilari.&nbsp;<\/p>\n\n\n\n<p>D\u00cdA DE LA PILOTA EN D\u00c9NIA <\/p>\n\n\n\n<p>Por otro lado, el Club Pilota D\u00e9nia y la Concejal\u00eda de Deportes de D\u00e9nia celebrar\u00e1n el D\u00eda de la Pilota el domingo y lo har\u00e1n con la disputa de tres partidas de raspall. La primera ser\u00e1 de benjamines a las 9 horas, la segunda ser\u00e1 de juveniles a las 10 h. y la tercera de categor\u00eda s\u00e9nior a las 11 h. que disputar\u00e1n  \u00c0lex, Tomate y Flare contra Jordi, N\u00e9stor y Kiko. Las tres partidas se jugar\u00e1n la calle Escollera situada en el barrio de Baix la Mar. <\/p>\n\n\n\n<p><\/p>\n\n\n\n<figure class=\"wp-block-gallery has-nested-images columns-default is-cropped wp-block-gallery-2 is-layout-flex wp-block-gallery-is-layout-flex\">\n<figure class=\"wp-block-image size-large\"><img loading=\"lazy\" decoding=\"async\" width=\"670\" height=\"1024\" data-id=\"18876\" src=\"https:\/\/suasesport.com\/wp-content\/uploads\/2023\/10\/IMG_8979-2-670x1024.jpg\" alt=\"\" class=\"wp-image-18876\" srcset=\"https:\/\/suasesport.com\/wp-content\/uploads\/2023\/10\/IMG_8979-2-670x1024.jpg 670w, https:\/\/suasesport.com\/wp-content\/uploads\/2023\/10\/IMG_8979-2-196x300.jpg 196w, https:\/\/suasesport.com\/wp-content\/uploads\/2023\/10\/IMG_8979-2.jpg 764w\" sizes=\"auto, (max-width: 670px) 100vw, 670px\" \/><\/figure>\n<\/figure>\n\n\n\n<p><\/p>\n","protected":false},"excerpt":{"rendered":"<p>El trinquet El Rovellet de Denia ser\u00e1 escenario el viernes de una de las tres partidas que abren la competici\u00f3n de la Copa 2 Caixa Popular. Vicent y Monraball II se enfrentan a Alejandro e Hilari en una partida que se juega en la modalidad de escala i corda y que se jugar\u00e1 a las&hellip; <a class=\"more-link\" href=\"https:\/\/suasesport.com\/es\/el-rovellet-de-denia-acoge-una-de-las-tres-partidas-inaugurales-de-la-copa-2-caixa-popular\/\">Seguir leyendo <span class=\"screen-reader-text\">El Rovellet de D\u00e9nia acoge una de las tres partidas inaugurales de la Copa 2 Caixa Popular<\/span><\/a><\/p>\n","protected":false},"author":1,"featured_media":18867,"comment_status":"open","ping_status":"open","sticky":false,"template":"","format":"standard","meta":{"footnotes":""},"categories":[127,13,128],"tags":[],"class_list":["post-18864","post","type-post","status-publish","format-standard","has-post-thumbnail","hentry","category-escalaicorda","category-pilota","category-raspall","entry"],"_links":{"self":[{"href":"https:\/\/suasesport.com\/es\/wp-json\/wp\/v2\/posts\/18864","targetHints":{"allow":["GET"]}}],"collection":[{"href":"https:\/\/suasesport.com\/es\/wp-json\/wp\/v2\/posts"}],"about":[{"href":"https:\/\/suasesport.com\/es\/wp-json\/wp\/v2\/types\/post"}],"author":[{"embeddable":true,"href":"https:\/\/suasesport.com\/es\/wp-json\/wp\/v2\/users\/1"}],"replies":[{"embeddable":true,"href":"https:\/\/suasesport.com\/es\/wp-json\/wp\/v2\/comments?post=18864"}],"version-history":[{"count":6,"href":"https:\/\/suasesport.com\/es\/wp-json\/wp\/v2\/posts\/18864\/revisions"}],"predecessor-version":[{"id":18878,"href":"https:\/\/suasesport.com\/es\/wp-json\/wp\/v2\/posts\/18864\/revisions\/18878"}],"wp:featuredmedia":[{"embeddable":true,"href":"https:\/\/suasesport.com\/es\/wp-json\/wp\/v2\/media\/18867"}],"wp:attachment":[{"href":"https:\/\/suasesport.com\/es\/wp-json\/wp\/v2\/media?parent=18864"}],"wp:term":[{"taxonomy":"category","embeddable":true,"href":"https:\/\/suasesport.com\/es\/wp-json\/wp\/v2\/categories?post=18864"},{"taxonomy":"post_tag","embeddable":true,"href":"https:\/\/suasesport.com\/es\/wp-json\/wp\/v2\/tags?post=18864"}],"curies":[{"name":"wp","href":"https:\/\/api.w.org\/{rel}","templated":true}]}}