{"id":18829,"date":"2023-10-04T17:58:34","date_gmt":"2023-10-04T16:58:34","guid":{"rendered":"https:\/\/suasesport.com\/?p=18829"},"modified":"2023-10-05T07:46:36","modified_gmt":"2023-10-05T06:46:36","slug":"el-pegolino-vicent-vidal-se-proclama-campeon-de-la-liga-playa-del-pc-marina-alta","status":"publish","type":"post","link":"https:\/\/suasesport.com\/es\/el-pegolino-vicent-vidal-se-proclama-campeon-de-la-liga-playa-del-pc-marina-alta\/","title":{"rendered":"El pegolino Vicent Vidal se proclama campe\u00f3n de la Liga Playa del CP Marina Alta\u00a0"},"content":{"rendered":"\n<p>El pegolino Vicent Vidal se ha proclamado campe\u00f3n de la Liga Playa del Club de Pesca Marina Alta. Vidal logr\u00f3 la victoria en el \u00faltimo concurso que se celebr\u00f3 el s\u00e1bado. Otro pegolino, Ferran Escriv\u00e1 ha quedado subcampe\u00f3n y el dianense Marco Aledo tercero. Adem\u00e1s en este concurso tambi\u00e9n se disput\u00f3 la final de Copa, en la que Ferran Escriv\u00e1 se ha proclamado campe\u00f3n, al vencer en la final a Marco Aledo por 6-7.&nbsp;<\/p>\n\n\n\n<p>El \u00faltimo concurso de la Liga Playa, que se disput\u00f3 en la playa de Oliva Nova,  el ondarense Josele Gasc\u00f3n qued\u00f3 segundo clasificado y el dianense Javier Ramos tercero. En este concurso se decidi\u00f3 adem\u00e1s del t\u00edtulo de la liga el de la Copa en la que Escriv\u00e1 y Aledo adem\u00e1s de disputar la final tambi\u00e9n se jugaban las posiciones del podio de la liga. Las capturas fueron de peces peque\u00f1os que no daban la talla pr\u00e1cticamente por lo que los pescadores se tuvieron que esforzar al m\u00e1ximo para pesar alguna captura.\u00a0<\/p>\n\n\n\n<p>El pen\u00faltimo concurso de la liga terrenos mixtos se disputa este fin de semana en la playa del Raset de Denia.&nbsp;<\/p>\n\n\n\n<p>El CP Marina Alta agradece la colaboraci\u00f3n en los concursos de Xaloc Pesca y La Goleta. <\/p>\n\n\n\n<p>CLASIFICACI\u00d3N FINAL LIGA PLAYA<\/p>\n\n\n\n<p>La clasificaci\u00f3n final de la liga es la siguiente: Vicent Vidal, 23 puntos; Ferran Escriv\u00e1, 31; Marco Aledo, 33; Sa\u00fal S\u00e1nchez, 43; Josele Gasc\u00f3n, 46; Carlos Costa, 54; Juan Pedro Mart\u00ednez, 56; V\u00edctor Pedr\u00f3s, 57; Fernando Alcina, 63; Gonzalo Soler y Javier Ramos, 71; Abdelali Rougi, 84; Fran Carre\u00f1o, 89; Valent\u00edn Catal\u00edn, 90; Fernando Escribano, 94; Aar\u00f3n Malonda, 99; Paco Espasa, 100; Gonzalo Montejano, 117; Javier P\u00e9rez Carri\u00f3, 119. Pieza mayor: Marco Aledo (D\u00e9nia) verrugato de 747 gramos. Premios a las especies: Fran Carre\u00f1o (Gata) lubina; Josele Gasc\u00f3n (Ondara), mabra; Vicent Vidal (Pego), dorada.&nbsp;<\/p>\n\n\n\n<p>LA COPA&nbsp;<\/p>\n\n\n\n<p>Ferran Escriv\u00e1 y Marco Aledo disputaron la final de la Copa al vencer en semifinales a V\u00edctor (2-8) y Josele (3-12), respectivamente. En la final Ferran gan\u00f3 a Marco por 6-7.<\/p>\n\n\n\n<p><\/p>\n\n\n\n<figure class=\"wp-block-gallery has-nested-images columns-default is-cropped wp-block-gallery-2 is-layout-flex wp-block-gallery-is-layout-flex\">\n<figure class=\"wp-block-image size-large\"><img loading=\"lazy\" decoding=\"async\" width=\"461\" height=\"1024\" data-id=\"18827\" src=\"https:\/\/suasesport.com\/wp-content\/uploads\/2023\/10\/IMG-20231001-WA0109-461x1024.jpg\" alt=\"\" class=\"wp-image-18827\" srcset=\"https:\/\/suasesport.com\/wp-content\/uploads\/2023\/10\/IMG-20231001-WA0109-461x1024.jpg 461w, https:\/\/suasesport.com\/wp-content\/uploads\/2023\/10\/IMG-20231001-WA0109-135x300.jpg 135w, https:\/\/suasesport.com\/wp-content\/uploads\/2023\/10\/IMG-20231001-WA0109-768x1708.jpg 768w, https:\/\/suasesport.com\/wp-content\/uploads\/2023\/10\/IMG-20231001-WA0109-691x1536.jpg 691w, https:\/\/suasesport.com\/wp-content\/uploads\/2023\/10\/IMG-20231001-WA0109.jpg 921w\" sizes=\"auto, (max-width: 461px) 100vw, 461px\" \/><figcaption class=\"wp-element-caption\"><strong><em>Vicent Vidal, campe\u00f3n de la liga playa<\/em><\/strong><\/figcaption><\/figure>\n<\/figure>\n","protected":false},"excerpt":{"rendered":"<p>El pegolino Vicent Vidal se ha proclamado campe\u00f3n de la Liga Playa del Club de Pesca Marina Alta. Vidal logr\u00f3 la victoria en el \u00faltimo concurso que se celebr\u00f3 el s\u00e1bado. Otro pegolino, Ferran Escriv\u00e1 ha quedado subcampe\u00f3n y el dianense Marco Aledo tercero. Adem\u00e1s en este concurso tambi\u00e9n se disput\u00f3 la final de Copa,&hellip; <a class=\"more-link\" href=\"https:\/\/suasesport.com\/es\/el-pegolino-vicent-vidal-se-proclama-campeon-de-la-liga-playa-del-pc-marina-alta\/\">Seguir leyendo <span class=\"screen-reader-text\">El pegolino Vicent Vidal se proclama campe\u00f3n de la Liga Playa del CP Marina Alta\u00a0<\/span><\/a><\/p>\n","protected":false},"author":1,"featured_media":18825,"comment_status":"open","ping_status":"open","sticky":false,"template":"","format":"standard","meta":{"footnotes":""},"categories":[10,187],"tags":[],"class_list":["post-18829","post","type-post","status-publish","format-standard","has-post-thumbnail","hentry","category-acuaticos","category-pesca","entry"],"_links":{"self":[{"href":"https:\/\/suasesport.com\/es\/wp-json\/wp\/v2\/posts\/18829","targetHints":{"allow":["GET"]}}],"collection":[{"href":"https:\/\/suasesport.com\/es\/wp-json\/wp\/v2\/posts"}],"about":[{"href":"https:\/\/suasesport.com\/es\/wp-json\/wp\/v2\/types\/post"}],"author":[{"embeddable":true,"href":"https:\/\/suasesport.com\/es\/wp-json\/wp\/v2\/users\/1"}],"replies":[{"embeddable":true,"href":"https:\/\/suasesport.com\/es\/wp-json\/wp\/v2\/comments?post=18829"}],"version-history":[{"count":6,"href":"https:\/\/suasesport.com\/es\/wp-json\/wp\/v2\/posts\/18829\/revisions"}],"predecessor-version":[{"id":18843,"href":"https:\/\/suasesport.com\/es\/wp-json\/wp\/v2\/posts\/18829\/revisions\/18843"}],"wp:featuredmedia":[{"embeddable":true,"href":"https:\/\/suasesport.com\/es\/wp-json\/wp\/v2\/media\/18825"}],"wp:attachment":[{"href":"https:\/\/suasesport.com\/es\/wp-json\/wp\/v2\/media?parent=18829"}],"wp:term":[{"taxonomy":"category","embeddable":true,"href":"https:\/\/suasesport.com\/es\/wp-json\/wp\/v2\/categories?post=18829"},{"taxonomy":"post_tag","embeddable":true,"href":"https:\/\/suasesport.com\/es\/wp-json\/wp\/v2\/tags?post=18829"}],"curies":[{"name":"wp","href":"https:\/\/api.w.org\/{rel}","templated":true}]}}