{"id":18369,"date":"2023-09-26T10:11:52","date_gmt":"2023-09-26T09:11:52","guid":{"rendered":"https:\/\/suasesport.com\/?p=18369"},"modified":"2023-09-26T10:11:54","modified_gmt":"2023-09-26T09:11:54","slug":"alex-pella-busca-batir-el-record-de-la-vuelta-a-espana-entre-bilbao-y-barcelona","status":"publish","type":"post","link":"https:\/\/suasesport.com\/es\/alex-pella-busca-batir-el-record-de-la-vuelta-a-espana-entre-bilbao-y-barcelona\/","title":{"rendered":"\u00c1lex Pella busca batir el r\u00e9cord de la Vuelta a Espa\u00f1a entre Bilbao y Barcelona"},"content":{"rendered":"\n<p>\u00c1lex Pella ha empezado su campa\u00f1a oce\u00e1nica en la que busca batir el r\u00e9cord de la Vuelta de Espa\u00f1a con su MaxiCat Victoria. Esta es la primera de las regatas que el navegante dianense realiza de cara a su preparaci\u00f3n para en 2025 iniciar el Trofeo Primer Desaf\u00edo Oce\u00e1nico El Cano. Pella tratar\u00e1 de batir ese r\u00e9cord nacional, circunnavegando la pen\u00ednsula ib\u00e9rica y uniendo las ciudades de Bilbao y Barcelona. Pella y los componentes de su tripulaci\u00f3n el dianense Alberto Mu\u00f1oz, el franc\u00e9s Lalou&nbsp;Roucayrol y el canario Alejandro Cantero, zarparon de Bilbao en direcci\u00f3n a Barcelona&nbsp; el s\u00e1bado por la tarde. Circunnavegar\u00e1n la pen\u00ednsula ib\u00e9rica por el oeste y poner as\u00ed en valor esa ruta para batir ese r\u00e9cord y marcar el tiempo de referencia del nuevo trofeo oce\u00e1nico que debe completarse \u00edntegramente a vela, sin asistencia y sin escalas. La plusmarca nacional la establecieron los hermanos L\u00f3pez-Doriga en 2006 a borde del velero Arte y Naturaleza con un tiempo de 12 d\u00edas y 13 horas, un crono que \u00c1lex Pella aspira a rebajar.&nbsp;<\/p>\n\n\n\n<p>El regatista del Puerto Deportivo Marina de D\u00e9nia se\u00f1alaba antes de iniciar la navegaci\u00f3n que \u201ceste recorrido de 1.500 millas n\u00e1uticas debemos ponerlo en valor. La Vuelta a Espa\u00f1a a vela es espectacular. La ruta re\u00fane la dureza del Cant\u00e1brico, el m\u00edtico paso de Finisterre, la costa de Portugal, y el complicado paso por el Estrecho de Gibraltar y el siempre impredecible mar Mediterr\u00e1neo. Las l\u00edneas de salida y meta en los puertos de Bilbao y Barcelona son realmente espectaculares.&nbsp;<\/p>\n\n\n\n<p>La iniciativa cuenta con la colaboraci\u00f3n del RCN Barcelona del que \u00c1lex Pella es socio honor\u00edfico y del RCM del Abra Real Sporting Club de Getxo, que este a\u00f1o celebra su 125 aniversario. A trav\u00e9s de este proyecto ambos clubes refuerzan su v\u00ednculo y compromiso con la vela oce\u00e1nica. Al final de cada a\u00f1o, el equipo que haya marcado el mejor crono grabar\u00e1 su nombre en la escultura de aluminio que custodia el RCB del Abra-RCSC de Getxo. <\/p>\n\n\n\n<p>Para el presidente del club Manu Sendagorta \u201ces fant\u00e1stico poner en marcha este nuevo Trofeo Oce\u00e1nico de la mano de \u00c1lex Pella y del RCNB. Es un a\u00f1o especial para nosotros y ser el punto de salida del reto de un navegante tan prestigioso como es \u00c1lex Pella con el MaxiCat Victoria es una enorme satisfacci\u00f3n y un lujo. Le deseamos y auguramos un gran \u00e9xito en sus desaf\u00edos, tanto el de la circunnavegaci\u00f3n de la pen\u00ednsula como en su preparaci\u00f3n del r\u00e9cord absoluto de la Vuelta al Mundo. <\/p>\n\n\n\n<p>Por su parte el presidente del RCN Barcelona, Jordi Puig, declaraba \u201cdesde el club estamos muy ilusionados con el desaf\u00edo de \u00c1lex de batir el r\u00e9cord de la vuelta a Espa\u00f1a sin escalas y establecer un r\u00e9cord absoluto entre Bilbao y Barcelona. Un largo recorrido no exento de dificultades, con salida y llegada en dos ciudades tan relevantes del litoral espa\u00f1ol, representadas por dos clubes unidos por una gran historia y tradici\u00f3n\u201d.&nbsp;<\/p>\n\n\n\n<p>El trofeo de esta Vuelta a Espa\u00f1a ha sido realizado por el artista vasco Aitor Ruiz de Igino y representa a un velero navegando. <\/p>\n\n\n\n<p><\/p>\n\n\n\n<p><\/p>\n\n\n\n<figure class=\"wp-block-gallery has-nested-images columns-default is-cropped wp-block-gallery-2 is-layout-flex wp-block-gallery-is-layout-flex\">\n<figure class=\"wp-block-image size-large\"><img loading=\"lazy\" decoding=\"async\" width=\"1024\" height=\"683\" data-id=\"18379\" src=\"https:\/\/suasesport.com\/wp-content\/uploads\/2023\/09\/DTR_Maxicat_Victoria_Bilbao_23_09_23-3381-1024x683.jpg\" alt=\"\" class=\"wp-image-18379\" srcset=\"https:\/\/suasesport.com\/wp-content\/uploads\/2023\/09\/DTR_Maxicat_Victoria_Bilbao_23_09_23-3381-1024x683.jpg 1024w, https:\/\/suasesport.com\/wp-content\/uploads\/2023\/09\/DTR_Maxicat_Victoria_Bilbao_23_09_23-3381-300x200.jpg 300w, https:\/\/suasesport.com\/wp-content\/uploads\/2023\/09\/DTR_Maxicat_Victoria_Bilbao_23_09_23-3381-768x512.jpg 768w, https:\/\/suasesport.com\/wp-content\/uploads\/2023\/09\/DTR_Maxicat_Victoria_Bilbao_23_09_23-3381-1536x1024.jpg 1536w, https:\/\/suasesport.com\/wp-content\/uploads\/2023\/09\/DTR_Maxicat_Victoria_Bilbao_23_09_23-3381-2048x1365.jpg 2048w, https:\/\/suasesport.com\/wp-content\/uploads\/2023\/09\/DTR_Maxicat_Victoria_Bilbao_23_09_23-3381-1080x720.jpg 1080w\" sizes=\"auto, (max-width: 1024px) 100vw, 1024px\" \/><\/figure>\n<\/figure>\n\n\n\n<p><\/p>\n\n\n\n<p><\/p>\n\n\n\n<figure class=\"wp-block-gallery has-nested-images columns-default is-cropped wp-block-gallery-3 is-layout-flex wp-block-gallery-is-layout-flex\">\n<figure class=\"wp-block-image size-large\"><img loading=\"lazy\" decoding=\"async\" width=\"1024\" height=\"683\" data-id=\"18375\" src=\"https:\/\/suasesport.com\/wp-content\/uploads\/2023\/09\/DTR_Maxicat_Victoria_Bilbao_23_09_23-3552-1024x683.jpg\" alt=\"\" class=\"wp-image-18375\" srcset=\"https:\/\/suasesport.com\/wp-content\/uploads\/2023\/09\/DTR_Maxicat_Victoria_Bilbao_23_09_23-3552-1024x683.jpg 1024w, https:\/\/suasesport.com\/wp-content\/uploads\/2023\/09\/DTR_Maxicat_Victoria_Bilbao_23_09_23-3552-300x200.jpg 300w, https:\/\/suasesport.com\/wp-content\/uploads\/2023\/09\/DTR_Maxicat_Victoria_Bilbao_23_09_23-3552-768x512.jpg 768w, https:\/\/suasesport.com\/wp-content\/uploads\/2023\/09\/DTR_Maxicat_Victoria_Bilbao_23_09_23-3552-1536x1024.jpg 1536w, https:\/\/suasesport.com\/wp-content\/uploads\/2023\/09\/DTR_Maxicat_Victoria_Bilbao_23_09_23-3552-2048x1365.jpg 2048w, https:\/\/suasesport.com\/wp-content\/uploads\/2023\/09\/DTR_Maxicat_Victoria_Bilbao_23_09_23-3552-1080x720.jpg 1080w\" sizes=\"auto, (max-width: 1024px) 100vw, 1024px\" \/><\/figure>\n<\/figure>\n","protected":false},"excerpt":{"rendered":"<p>\u00c1lex Pella ha empezado su campa\u00f1a oce\u00e1nica en la que busca batir el r\u00e9cord de la Vuelta de Espa\u00f1a con su MaxiCat Victoria. Esta es la primera de las regatas que el navegante dianense realiza de cara a su preparaci\u00f3n para en 2025 iniciar el Trofeo Primer Desaf\u00edo Oce\u00e1nico El Cano. Pella tratar\u00e1 de batir&hellip; <a class=\"more-link\" href=\"https:\/\/suasesport.com\/es\/alex-pella-busca-batir-el-record-de-la-vuelta-a-espana-entre-bilbao-y-barcelona\/\">Seguir leyendo <span class=\"screen-reader-text\">\u00c1lex Pella busca batir el r\u00e9cord de la Vuelta a Espa\u00f1a entre Bilbao y Barcelona<\/span><\/a><\/p>\n","protected":false},"author":1,"featured_media":18377,"comment_status":"open","ping_status":"open","sticky":false,"template":"","format":"standard","meta":{"footnotes":""},"categories":[10,14],"tags":[],"class_list":["post-18369","post","type-post","status-publish","format-standard","has-post-thumbnail","hentry","category-acuaticos","category-vela","entry"],"_links":{"self":[{"href":"https:\/\/suasesport.com\/es\/wp-json\/wp\/v2\/posts\/18369","targetHints":{"allow":["GET"]}}],"collection":[{"href":"https:\/\/suasesport.com\/es\/wp-json\/wp\/v2\/posts"}],"about":[{"href":"https:\/\/suasesport.com\/es\/wp-json\/wp\/v2\/types\/post"}],"author":[{"embeddable":true,"href":"https:\/\/suasesport.com\/es\/wp-json\/wp\/v2\/users\/1"}],"replies":[{"embeddable":true,"href":"https:\/\/suasesport.com\/es\/wp-json\/wp\/v2\/comments?post=18369"}],"version-history":[{"count":10,"href":"https:\/\/suasesport.com\/es\/wp-json\/wp\/v2\/posts\/18369\/revisions"}],"predecessor-version":[{"id":18390,"href":"https:\/\/suasesport.com\/es\/wp-json\/wp\/v2\/posts\/18369\/revisions\/18390"}],"wp:featuredmedia":[{"embeddable":true,"href":"https:\/\/suasesport.com\/es\/wp-json\/wp\/v2\/media\/18377"}],"wp:attachment":[{"href":"https:\/\/suasesport.com\/es\/wp-json\/wp\/v2\/media?parent=18369"}],"wp:term":[{"taxonomy":"category","embeddable":true,"href":"https:\/\/suasesport.com\/es\/wp-json\/wp\/v2\/categories?post=18369"},{"taxonomy":"post_tag","embeddable":true,"href":"https:\/\/suasesport.com\/es\/wp-json\/wp\/v2\/tags?post=18369"}],"curies":[{"name":"wp","href":"https:\/\/api.w.org\/{rel}","templated":true}]}}