{"id":17761,"date":"2023-09-14T10:36:59","date_gmt":"2023-09-14T09:36:59","guid":{"rendered":"https:\/\/suasesport.com\/?p=17761"},"modified":"2023-09-14T10:37:01","modified_gmt":"2023-09-14T09:37:01","slug":"la-quinta-edicion-de-la-marcha-ciclodeportiva-la-gamba-se-celebra-el-domingo","status":"publish","type":"post","link":"https:\/\/suasesport.com\/es\/la-quinta-edicion-de-la-marcha-ciclodeportiva-la-gamba-se-celebra-el-domingo\/","title":{"rendered":"La quinta edici\u00f3n de la Marcha Ciclodeportiva La Gamba se celebra el domingo\u00a0"},"content":{"rendered":"\n<p>La quinta edici\u00f3n de la Marcha Ciclodeportiva La Gamba, que est\u00e1 organizada por el Club Uni\u00f3n Ciclista La Gamba en colaboraci\u00f3n con el Ayuntamiento de D\u00e9nia, se celebra el domingo. La Marcha en un principio estaba programada para que se disputara el pasado 23 de abril pero tuvo que aplazarse.&nbsp;<\/p>\n\n\n\n<p>La prueba cicloturista se iniciar\u00e1 en Torrecremada a las 8 horas, donde tambi\u00e9n estar\u00e1 ubicada la l\u00ednea de meta y se realizar\u00e1 la entrega de los trofeos.<\/p>\n\n\n\n<p>La Marcha La Gamba, que tendr\u00e1 un recorrido de 139 kil\u00f3metros con un desnivel total de 2.600 metros positivos, transcurrir\u00e1 por La Xara, Pedreguer, Benidoleig, Orba, Campell, Fleix, Benimaurell, Vall d\u2019Ebo, Alcal\u00e1 de la Jovada, Beniaia, Tollos, Fageca, Famorca, Castells de Castells, Taberna, Parcent, Benigembla y Murla, para volver despu\u00e9s a D\u00e9nia. Durante el recorrido los ciclistas tendr\u00e1n que subir seis puertos: Coll de La Carga, Pla de Petardos, Port de Tollos, Sa Crueta, Coll de Rates y Font de Gel. El tramo de la subida completa al Puerto de Tollos estar\u00e1 cronometrado y dispondr\u00e1 de su propia clasificaci\u00f3n.&nbsp;<\/p>\n\n\n\n<p>Los trofeos que se entregar\u00e1n ser\u00e1n los siguientes: al club m\u00e1s numeroso, al club con mayor n\u00famero de f\u00e9minas, al ciclista y la ciclista m\u00e1s mayor, al ciclista y la ciclista m\u00e1s joven, al ciclista y la ciclista m\u00e1s lejanos, a los tres ciclistas -masculino y femenino- que inviertan menos tiempo en el tramo cronometrado de ascenso al Puerto de Tollos.<\/p>\n","protected":false},"excerpt":{"rendered":"<p>La quinta edici\u00f3n de la Marcha Ciclodeportiva La Gamba, que est\u00e1 organizada por el Club Uni\u00f3n Ciclista La Gamba en colaboraci\u00f3n con el Ayuntamiento de D\u00e9nia, se celebra el domingo. La Marcha en un principio estaba programada para que se disputara el pasado 23 de abril pero tuvo que aplazarse.&nbsp; La prueba cicloturista se iniciar\u00e1&hellip; <a class=\"more-link\" href=\"https:\/\/suasesport.com\/es\/la-quinta-edicion-de-la-marcha-ciclodeportiva-la-gamba-se-celebra-el-domingo\/\">Seguir leyendo <span class=\"screen-reader-text\">La quinta edici\u00f3n de la Marcha Ciclodeportiva La Gamba se celebra el domingo\u00a0<\/span><\/a><\/p>\n","protected":false},"author":1,"featured_media":17765,"comment_status":"open","ping_status":"open","sticky":false,"template":"","format":"standard","meta":{"footnotes":""},"categories":[22,9],"tags":[],"class_list":["post-17761","post","type-post","status-publish","format-standard","has-post-thumbnail","hentry","category-ciclismo","category-mas-deporte","entry"],"_links":{"self":[{"href":"https:\/\/suasesport.com\/es\/wp-json\/wp\/v2\/posts\/17761","targetHints":{"allow":["GET"]}}],"collection":[{"href":"https:\/\/suasesport.com\/es\/wp-json\/wp\/v2\/posts"}],"about":[{"href":"https:\/\/suasesport.com\/es\/wp-json\/wp\/v2\/types\/post"}],"author":[{"embeddable":true,"href":"https:\/\/suasesport.com\/es\/wp-json\/wp\/v2\/users\/1"}],"replies":[{"embeddable":true,"href":"https:\/\/suasesport.com\/es\/wp-json\/wp\/v2\/comments?post=17761"}],"version-history":[{"count":3,"href":"https:\/\/suasesport.com\/es\/wp-json\/wp\/v2\/posts\/17761\/revisions"}],"predecessor-version":[{"id":17771,"href":"https:\/\/suasesport.com\/es\/wp-json\/wp\/v2\/posts\/17761\/revisions\/17771"}],"wp:featuredmedia":[{"embeddable":true,"href":"https:\/\/suasesport.com\/es\/wp-json\/wp\/v2\/media\/17765"}],"wp:attachment":[{"href":"https:\/\/suasesport.com\/es\/wp-json\/wp\/v2\/media?parent=17761"}],"wp:term":[{"taxonomy":"category","embeddable":true,"href":"https:\/\/suasesport.com\/es\/wp-json\/wp\/v2\/categories?post=17761"},{"taxonomy":"post_tag","embeddable":true,"href":"https:\/\/suasesport.com\/es\/wp-json\/wp\/v2\/tags?post=17761"}],"curies":[{"name":"wp","href":"https:\/\/api.w.org\/{rel}","templated":true}]}}