{"id":17503,"date":"2023-09-08T14:08:07","date_gmt":"2023-09-08T13:08:07","guid":{"rendered":"https:\/\/suasesport.com\/?p=17503"},"modified":"2023-09-08T14:08:09","modified_gmt":"2023-09-08T13:08:09","slug":"alex-pella-cuenta-con-el-dianense-alberto-munoz-para-el-primer-desafio-del-trofeo-oceanico-elcano","status":"publish","type":"post","link":"https:\/\/suasesport.com\/es\/alex-pella-cuenta-con-el-dianense-alberto-munoz-para-el-primer-desafio-del-trofeo-oceanico-elcano\/","title":{"rendered":"\u00c1lex Pella cuenta con el dianense Alberto Mu\u00f1oz para el primer desaf\u00edo del Trofeo Oce\u00e1nico Elcano\u00a0"},"content":{"rendered":"\n<p>El regatista barcelon\u00e9s \u00c1lex Pella, que est\u00e1 afincado en D\u00e9nia, ha presentado en Sevilla el primer desaf\u00edo del Trofeo Oce\u00e1nico Elcano. Y lo ha hecho remontado el r\u00edo Guadalquivir desde Sanl\u00facar de Barrameda hasta Sevilla, coincidiendo con el 501 Aniversario de la primera Circunnavegaci\u00f3n, es decir, la vuelta al Mundo. Pella considerado como uno de los mejores regatistas oce\u00e1nicos del mundo, cuenta para esta nueva \u201caventura\u201d con una tripulaci\u00f3n que mezcla experiencia y juventud. El dianense Alberto Mu\u00f1oz, es uno de ellos junto con el franc\u00e9s&nbsp;Lalou&nbsp;Roucayrol y el canario Alejandro Cantero.&nbsp;<\/p>\n\n\n\n<p>Mu\u00f1oz ha se\u00f1alado en la presentaci\u00f3n que \u201ces un honor que \u00c1lex haya pensando en m\u00ed para este proyecto tan grande. Es muy emocionante que esto est\u00e9 pasando, y tenemos muchas ganas de empezar a navegar, despu\u00e9s de dos meses y medio preparando el barco a contrarreloj para llegar a Sevilla en la fecha del 501 Aniversario de la Primera Vuelta al Mundo\u201d.&nbsp;<\/p>\n\n\n\n<p>\u00c1lex Pella cuenta con el legendario <em>Club Med<\/em>, un gigantesco multicasco oce\u00e1nico de 33,5 metros de eslora, 17 metros de manga y 41 metros de m\u00e1stil, construido en Francia entre 1999 y 2000. Un barco que ha ganado dos veces la vuelta al mundo en regata, con los patrones Grant Dalton (2000) y Brian Thompson (2005). Pella ha se\u00f1alado que \u201crecuperar y estirar la vida \u00fatil de un antiguo prototipo como este es lo m\u00e1s razonable para un proyecto que va m\u00e1s all\u00e1 de lo deportivo y que tambi\u00e9n ser\u00e1 divulgativo, sobre la historia, la navegaci\u00f3n, los oc\u00e9anos y la sostenibilidad\u201d.&nbsp;<\/p>\n\n\n\n<p>El primer desaf\u00edo de \u00c1lex Pella cuenta con la colaboraci\u00f3n de la Consejer\u00eda de Turismo, Cultura y Deporte de la Junta de Andaluc\u00eda, cofinanciado con Fondos Europeos. Un apoyo que el regatista ha destacado durante la rueda de prensa \u201cdesde el a\u00f1o pasado, hemos trabajado sin descanso para poder presentar el primer desaf\u00edo del Trofeo Oce\u00e1nico Elcano con este gran equipo, con este barco espectacular y con dos grandes marcas como Andaluc\u00eda y Festina a bordo\u201d. Ha a\u00f1adido que \u201ctenemos adem\u00e1s m\u00e1s de un a\u00f1o de r\u00e9cords, entrenamientos y preparativos por delante, con el objetivo de tomar la salida en enero de 2025 la salida y batir el r\u00e9cord absoluto de la vuelta al Mundo a vela\u201d.&nbsp;<\/p>\n\n\n\n<p>Hay que recordar que entre otros grandes logros que ha conseguido \u00c1lex Pella est\u00e1 haber batido el r\u00e9cord de la vuelta al mundo a vela, en enero de 2017, a borde del Maxi-Trimar\u00e1n IDEC Sport. \u00c1lex, junto al resto de su equipo hicieron historia al dar la vuelta al planeta en 40 d\u00edas, 23 horas, 30 minutos y 30 segundos.<\/p>\n\n\n\n<p>El Trofeo Oce\u00e1nico Elcano, considerado como el mejor legado del V Centenario y representado por una escultura \u00fanico que se exhibe desde hoy en el Museo Naval de Torre del Oro de Sevilla, se posiciona como el desaf\u00edo deportivo m\u00e1s grande del mundo -en tiempo de competici\u00f3n y distancia recorrida-. Fiel a la historia y seg\u00fan el reglamento, debe ser un espa\u00f1ol el primer desafiante. Y es el MaxiCat Victoria de \u00c1lex Pella.&nbsp;<\/p>\n\n\n\n<p>EL PROGRAMA<\/p>\n\n\n\n<p>La campa\u00f1a oce\u00e1nica de MaxiCat Victoria tiene tres fases. Este a\u00f1o 2023 es de promoci\u00f3n y puesta a punto de la embarcaci\u00f3n, con el primer desaf\u00edo importante, el de la vuelta a Espa\u00f1a entre Bilbao y Barcelona, que es otra ruta oce\u00e1nica que se quiere poner en valor. El equipo tiene previsto establecer el r\u00e9cord del estrecho entre T\u00e1nger y Algeciras. 2024 ser\u00e1 un a\u00f1o de preparaci\u00f3n, con varios cruces atl\u00e1nticos y desaf\u00edos a nivel europeo, que el equipo anunciar\u00e1 en los pr\u00f3ximos meses. A principios de 2025, el MaxiCat Victoria debe estar preparado para tomar la salida del Trofeo Oce\u00e1nico Elcano desde Sanl\u00facar de Barrameda, para batir el r\u00e9cord de la vuelta al mundo hacia el oeste.&nbsp;<\/p>\n\n\n\n<p><\/p>\n\n\n\n<figure class=\"wp-block-gallery has-nested-images columns-default is-cropped wp-block-gallery-2 is-layout-flex wp-block-gallery-is-layout-flex\">\n<figure class=\"wp-block-image size-large\"><img loading=\"lazy\" decoding=\"async\" width=\"1024\" height=\"682\" data-id=\"17507\" src=\"https:\/\/suasesport.com\/wp-content\/uploads\/2023\/09\/MaxiCAT-Victoria2-1024x682.jpg\" alt=\"\" class=\"wp-image-17507\" srcset=\"https:\/\/suasesport.com\/wp-content\/uploads\/2023\/09\/MaxiCAT-Victoria2-1024x682.jpg 1024w, https:\/\/suasesport.com\/wp-content\/uploads\/2023\/09\/MaxiCAT-Victoria2-300x200.jpg 300w, https:\/\/suasesport.com\/wp-content\/uploads\/2023\/09\/MaxiCAT-Victoria2-768x512.jpg 768w, https:\/\/suasesport.com\/wp-content\/uploads\/2023\/09\/MaxiCAT-Victoria2-1536x1024.jpg 1536w, https:\/\/suasesport.com\/wp-content\/uploads\/2023\/09\/MaxiCAT-Victoria2-1080x720.jpg 1080w, https:\/\/suasesport.com\/wp-content\/uploads\/2023\/09\/MaxiCAT-Victoria2.jpg 2000w\" sizes=\"auto, (max-width: 1024px) 100vw, 1024px\" \/><\/figure>\n<\/figure>\n","protected":false},"excerpt":{"rendered":"<p>El regatista barcelon\u00e9s \u00c1lex Pella, que est\u00e1 afincado en D\u00e9nia, ha presentado en Sevilla el primer desaf\u00edo del Trofeo Oce\u00e1nico Elcano. Y lo ha hecho remontado el r\u00edo Guadalquivir desde Sanl\u00facar de Barrameda hasta Sevilla, coincidiendo con el 501 Aniversario de la primera Circunnavegaci\u00f3n, es decir, la vuelta al Mundo. Pella considerado como uno de&hellip; <a class=\"more-link\" href=\"https:\/\/suasesport.com\/es\/alex-pella-cuenta-con-el-dianense-alberto-munoz-para-el-primer-desafio-del-trofeo-oceanico-elcano\/\">Seguir leyendo <span class=\"screen-reader-text\">\u00c1lex Pella cuenta con el dianense Alberto Mu\u00f1oz para el primer desaf\u00edo del Trofeo Oce\u00e1nico Elcano\u00a0<\/span><\/a><\/p>\n","protected":false},"author":1,"featured_media":17505,"comment_status":"open","ping_status":"open","sticky":false,"template":"","format":"standard","meta":{"footnotes":""},"categories":[10,14],"tags":[],"class_list":["post-17503","post","type-post","status-publish","format-standard","has-post-thumbnail","hentry","category-acuaticos","category-vela","entry"],"_links":{"self":[{"href":"https:\/\/suasesport.com\/es\/wp-json\/wp\/v2\/posts\/17503","targetHints":{"allow":["GET"]}}],"collection":[{"href":"https:\/\/suasesport.com\/es\/wp-json\/wp\/v2\/posts"}],"about":[{"href":"https:\/\/suasesport.com\/es\/wp-json\/wp\/v2\/types\/post"}],"author":[{"embeddable":true,"href":"https:\/\/suasesport.com\/es\/wp-json\/wp\/v2\/users\/1"}],"replies":[{"embeddable":true,"href":"https:\/\/suasesport.com\/es\/wp-json\/wp\/v2\/comments?post=17503"}],"version-history":[{"count":4,"href":"https:\/\/suasesport.com\/es\/wp-json\/wp\/v2\/posts\/17503\/revisions"}],"predecessor-version":[{"id":17515,"href":"https:\/\/suasesport.com\/es\/wp-json\/wp\/v2\/posts\/17503\/revisions\/17515"}],"wp:featuredmedia":[{"embeddable":true,"href":"https:\/\/suasesport.com\/es\/wp-json\/wp\/v2\/media\/17505"}],"wp:attachment":[{"href":"https:\/\/suasesport.com\/es\/wp-json\/wp\/v2\/media?parent=17503"}],"wp:term":[{"taxonomy":"category","embeddable":true,"href":"https:\/\/suasesport.com\/es\/wp-json\/wp\/v2\/categories?post=17503"},{"taxonomy":"post_tag","embeddable":true,"href":"https:\/\/suasesport.com\/es\/wp-json\/wp\/v2\/tags?post=17503"}],"curies":[{"name":"wp","href":"https:\/\/api.w.org\/{rel}","templated":true}]}}