{"id":17177,"date":"2023-08-31T11:21:00","date_gmt":"2023-08-31T10:21:00","guid":{"rendered":"https:\/\/suasesport.com\/?p=17177"},"modified":"2023-08-31T11:21:03","modified_gmt":"2023-08-31T10:21:03","slug":"el-dianense-jaume-castano-es-bronce-de-la-clase-ilca-6-en-el-gran-dia-de-la-vela-de-palma-de-mallorca","status":"publish","type":"post","link":"https:\/\/suasesport.com\/es\/el-dianense-jaume-castano-es-bronce-de-la-clase-ilca-6-en-el-gran-dia-de-la-vela-de-palma-de-mallorca\/","title":{"rendered":"El dianense Jaume Casta\u00f1o es bronce de la clase ILCA 6 en el Gran D\u00eda de la Vela de Palma de Mallorca\u00a0"},"content":{"rendered":"\n<p>Juame Casta\u00f1o, regatista del RCN D\u00e9nia, ha ganado la medalla de bronce de la clase ILCA 6 masculina en el Gran D\u00eda de la Vela de Palma de Mallorca que se ha disputado del 24 al 27 de septiembre. El dianense sumaba un total de 30 puntos netos tras descartar los dos peores resultados de las nueve mangas disputadas, en las que logr\u00f3 un primer puesto, un segundo, un cuarto, dos quintos, un sexto, dos s\u00e9ptimos y un vig\u00e9simo primer puesto.&nbsp;<\/p>\n\n\n\n<p>La regata el Gran D\u00eda de la Vela de Palma de Mallorca es la primera competici\u00f3n nacional del a\u00f1o, que ha servido de preparaci\u00f3n para el circuito de regatas de la Federaci\u00f3n de Vela de la Comunitat Valenciana (FVCV). La organizaci\u00f3n tuvo que suspender la \u00faltima jornada por la alerta de vientos huracanados. As\u00ed se disputaron en total nueve manga con vientos de sur y suroeste con intensidades variables de 8 a 13 nudos.&nbsp;<\/p>\n\n\n\n<p>Adem\u00e1s de Casta\u00f1o tambi\u00e9n participaron los regatistas del N\u00e1utico D\u00e9nia, Marc Selfa, Alex Lodder y Pablo Bayo, \u00e9ste \u00faltimo ha quedado cerca del top 10 en la categor\u00eda Sub 17. En la clase ILCA 4, Salvador Cogollos ha quedado d\u00e9cimo quinto en la categor\u00eda masculina. Por su parte Clara Casta\u00f1o ha quedado s\u00e9ptima en la categor\u00eda Sub 16 mientras que Julia Bayo ha sido novena. Diego Cogollos ha finalizado d\u00e9cimo 17 en el grupo plata de Sub 16.&nbsp;<\/p>\n","protected":false},"excerpt":{"rendered":"<p>Juame Casta\u00f1o, regatista del RCN D\u00e9nia, ha ganado la medalla de bronce de la clase ILCA 6 masculina en el Gran D\u00eda de la Vela de Palma de Mallorca que se ha disputado del 24 al 27 de septiembre. El dianense sumaba un total de 30 puntos netos tras descartar los dos peores resultados de&hellip; <a class=\"more-link\" href=\"https:\/\/suasesport.com\/es\/el-dianense-jaume-castano-es-bronce-de-la-clase-ilca-6-en-el-gran-dia-de-la-vela-de-palma-de-mallorca\/\">Seguir leyendo <span class=\"screen-reader-text\">El dianense Jaume Casta\u00f1o es bronce de la clase ILCA 6 en el Gran D\u00eda de la Vela de Palma de Mallorca\u00a0<\/span><\/a><\/p>\n","protected":false},"author":1,"featured_media":17179,"comment_status":"open","ping_status":"open","sticky":false,"template":"","format":"standard","meta":{"footnotes":""},"categories":[10,14],"tags":[],"class_list":["post-17177","post","type-post","status-publish","format-standard","has-post-thumbnail","hentry","category-acuaticos","category-vela","entry"],"_links":{"self":[{"href":"https:\/\/suasesport.com\/es\/wp-json\/wp\/v2\/posts\/17177","targetHints":{"allow":["GET"]}}],"collection":[{"href":"https:\/\/suasesport.com\/es\/wp-json\/wp\/v2\/posts"}],"about":[{"href":"https:\/\/suasesport.com\/es\/wp-json\/wp\/v2\/types\/post"}],"author":[{"embeddable":true,"href":"https:\/\/suasesport.com\/es\/wp-json\/wp\/v2\/users\/1"}],"replies":[{"embeddable":true,"href":"https:\/\/suasesport.com\/es\/wp-json\/wp\/v2\/comments?post=17177"}],"version-history":[{"count":2,"href":"https:\/\/suasesport.com\/es\/wp-json\/wp\/v2\/posts\/17177\/revisions"}],"predecessor-version":[{"id":17185,"href":"https:\/\/suasesport.com\/es\/wp-json\/wp\/v2\/posts\/17177\/revisions\/17185"}],"wp:featuredmedia":[{"embeddable":true,"href":"https:\/\/suasesport.com\/es\/wp-json\/wp\/v2\/media\/17179"}],"wp:attachment":[{"href":"https:\/\/suasesport.com\/es\/wp-json\/wp\/v2\/media?parent=17177"}],"wp:term":[{"taxonomy":"category","embeddable":true,"href":"https:\/\/suasesport.com\/es\/wp-json\/wp\/v2\/categories?post=17177"},{"taxonomy":"post_tag","embeddable":true,"href":"https:\/\/suasesport.com\/es\/wp-json\/wp\/v2\/tags?post=17177"}],"curies":[{"name":"wp","href":"https:\/\/api.w.org\/{rel}","templated":true}]}}