{"id":16433,"date":"2023-07-27T16:29:15","date_gmt":"2023-07-27T15:29:15","guid":{"rendered":"https:\/\/suasesport.com\/?p=16433"},"modified":"2023-07-27T16:29:17","modified_gmt":"2023-07-27T15:29:17","slug":"el-javiense-mateo-cardona-gana-el-bronce-en-el-campeonato-de-europa-de-optimist","status":"publish","type":"post","link":"https:\/\/suasesport.com\/es\/el-javiense-mateo-cardona-gana-el-bronce-en-el-campeonato-de-europa-de-optimist\/","title":{"rendered":"El javiense Mateo Cardona gana el bronce en el Campeonato de Europa de Optimist\u00a0"},"content":{"rendered":"\n<p>El javiense Mateo Cardona Monte ha ganado la medalla de bronce en el Campeonato de Europa de Optimist que se celebr\u00f3 en Tasal\u00f3nica (Grecia). El regatista del CN J\u00e1vea finaliz\u00f3 el campeonato en tercera posici\u00f3n con 30 puntos tras conseguir en las diez regatas del europeo dos primeros puestos, cinco segundos, un cuarto, un d\u00e9cimo cuarto y un vig\u00e9simo cuarto. El campe\u00f3n, el griego Iason Panagopoulos, se alz\u00f3 con el t\u00edtulo al sumar 27 puntos, los mismos que el subcampe\u00f3n, el espa\u00f1ol Nikko Palou Espinar.&nbsp;<\/p>\n\n\n\n<p>Espa\u00f1a ha estado representada el Campeonato de Europa de Optimist por siete regatistas, cuatro chicos y tres chicas, logrando la plata y el bronce en categor\u00eda masculina. <\/p>\n\n\n\n<p>En categor\u00eda masculina en el Europeo compitieron ciento sesenta y seis regatistas. La competici\u00f3n se disput\u00f3 en cinco d\u00edas y se realizaron diez pruebas.&nbsp;<\/p>\n\n\n\n<p>FOTOS: NIKOS PANTIS<\/p>\n\n\n\n<p><\/p>\n\n\n\n<figure class=\"wp-block-gallery has-nested-images columns-default is-cropped wp-block-gallery-2 is-layout-flex wp-block-gallery-is-layout-flex\">\n<figure class=\"wp-block-image size-large\"><img loading=\"lazy\" decoding=\"async\" width=\"971\" height=\"647\" data-id=\"16437\" src=\"https:\/\/suasesport.com\/wp-content\/uploads\/2023\/07\/498f2c21688f6451d9f5fd09d53edda7_photo_647x1024.jpg\" alt=\"\" class=\"wp-image-16437\" srcset=\"https:\/\/suasesport.com\/wp-content\/uploads\/2023\/07\/498f2c21688f6451d9f5fd09d53edda7_photo_647x1024.jpg 971w, https:\/\/suasesport.com\/wp-content\/uploads\/2023\/07\/498f2c21688f6451d9f5fd09d53edda7_photo_647x1024-300x200.jpg 300w, https:\/\/suasesport.com\/wp-content\/uploads\/2023\/07\/498f2c21688f6451d9f5fd09d53edda7_photo_647x1024-768x512.jpg 768w\" sizes=\"auto, (max-width: 971px) 100vw, 971px\" \/><\/figure>\n<\/figure>\n\n\n\n<p><\/p>\n\n\n\n<p><\/p>\n\n\n\n<figure class=\"wp-block-gallery has-nested-images columns-default is-cropped wp-block-gallery-3 is-layout-flex wp-block-gallery-is-layout-flex\">\n<figure class=\"wp-block-image size-large\"><img loading=\"lazy\" decoding=\"async\" width=\"1024\" height=\"682\" data-id=\"16439\" src=\"https:\/\/suasesport.com\/wp-content\/uploads\/2023\/07\/IMG_8628-1024x682.jpg\" alt=\"\" class=\"wp-image-16439\" srcset=\"https:\/\/suasesport.com\/wp-content\/uploads\/2023\/07\/IMG_8628-1024x682.jpg 1024w, https:\/\/suasesport.com\/wp-content\/uploads\/2023\/07\/IMG_8628-300x200.jpg 300w, https:\/\/suasesport.com\/wp-content\/uploads\/2023\/07\/IMG_8628-768x512.jpg 768w, https:\/\/suasesport.com\/wp-content\/uploads\/2023\/07\/IMG_8628-1080x720.jpg 1080w, https:\/\/suasesport.com\/wp-content\/uploads\/2023\/07\/IMG_8628.jpg 1280w\" sizes=\"auto, (max-width: 1024px) 100vw, 1024px\" \/><\/figure>\n<\/figure>\n","protected":false},"excerpt":{"rendered":"<p>El javiense Mateo Cardona Monte ha ganado la medalla de bronce en el Campeonato de Europa de Optimist que se celebr\u00f3 en Tasal\u00f3nica (Grecia). El regatista del CN J\u00e1vea finaliz\u00f3 el campeonato en tercera posici\u00f3n con 30 puntos tras conseguir en las diez regatas del europeo dos primeros puestos, cinco segundos, un cuarto, un d\u00e9cimo&hellip; <a class=\"more-link\" href=\"https:\/\/suasesport.com\/es\/el-javiense-mateo-cardona-gana-el-bronce-en-el-campeonato-de-europa-de-optimist\/\">Seguir leyendo <span class=\"screen-reader-text\">El javiense Mateo Cardona gana el bronce en el Campeonato de Europa de Optimist\u00a0<\/span><\/a><\/p>\n","protected":false},"author":1,"featured_media":16435,"comment_status":"open","ping_status":"open","sticky":false,"template":"","format":"standard","meta":{"footnotes":""},"categories":[10,14],"tags":[],"class_list":["post-16433","post","type-post","status-publish","format-standard","has-post-thumbnail","hentry","category-acuaticos","category-vela","entry"],"_links":{"self":[{"href":"https:\/\/suasesport.com\/es\/wp-json\/wp\/v2\/posts\/16433","targetHints":{"allow":["GET"]}}],"collection":[{"href":"https:\/\/suasesport.com\/es\/wp-json\/wp\/v2\/posts"}],"about":[{"href":"https:\/\/suasesport.com\/es\/wp-json\/wp\/v2\/types\/post"}],"author":[{"embeddable":true,"href":"https:\/\/suasesport.com\/es\/wp-json\/wp\/v2\/users\/1"}],"replies":[{"embeddable":true,"href":"https:\/\/suasesport.com\/es\/wp-json\/wp\/v2\/comments?post=16433"}],"version-history":[{"count":5,"href":"https:\/\/suasesport.com\/es\/wp-json\/wp\/v2\/posts\/16433\/revisions"}],"predecessor-version":[{"id":16450,"href":"https:\/\/suasesport.com\/es\/wp-json\/wp\/v2\/posts\/16433\/revisions\/16450"}],"wp:featuredmedia":[{"embeddable":true,"href":"https:\/\/suasesport.com\/es\/wp-json\/wp\/v2\/media\/16435"}],"wp:attachment":[{"href":"https:\/\/suasesport.com\/es\/wp-json\/wp\/v2\/media?parent=16433"}],"wp:term":[{"taxonomy":"category","embeddable":true,"href":"https:\/\/suasesport.com\/es\/wp-json\/wp\/v2\/categories?post=16433"},{"taxonomy":"post_tag","embeddable":true,"href":"https:\/\/suasesport.com\/es\/wp-json\/wp\/v2\/tags?post=16433"}],"curies":[{"name":"wp","href":"https:\/\/api.w.org\/{rel}","templated":true}]}}