{"id":15891,"date":"2023-07-05T12:07:28","date_gmt":"2023-07-05T11:07:28","guid":{"rendered":"https:\/\/suasesport.com\/?p=15891"},"modified":"2023-07-05T12:07:29","modified_gmt":"2023-07-05T11:07:29","slug":"el-pegolino-fernando-sastre-jugara-la-proxima-temporada-en-la-ud-almeria","status":"publish","type":"post","link":"https:\/\/suasesport.com\/es\/el-pegolino-fernando-sastre-jugara-la-proxima-temporada-en-la-ud-almeria\/","title":{"rendered":"El pegolino Fernando Sastre\u00a0 jugar\u00e1 la pr\u00f3xima temporada en la UD Almer\u00eda\u00a0"},"content":{"rendered":"\n<p>Fernando Sastre Pastor jugar\u00e1 la pr\u00f3xima temporada, 2023-2024, en el equipo juvenil de la UD Almer\u00eda. El pegolino llega al club andaluz procedente del Valencia Juvenil B. Sali\u00f3 del club roget camino de X\u00e0tiva en la temporada 2018-2019, donde compiti\u00f3 dos temporadas en categor\u00eda infantil. Posteriormente, en la 2020-2021, fich\u00f3 por el Alzira, y la temporada siguiente, es decir, la 21-22 por el Valencia para finalizar su etapa cadete y jugar la pasada temporada en el juvenil. <\/p>\n\n\n\n<p>Fernando Sastre es centrocampista y juega en la posici\u00f3n de mediocentro. Su buen hacer en el&nbsp; Valencia B ha hecho que el Almer\u00eda se haya fijado en \u00e9l para reforzar a su equipo juvenil para esta temporada que est\u00e1 a punto de empezar.&nbsp;<\/p>\n\n\n\n<p><\/p>\n","protected":false},"excerpt":{"rendered":"<p>Fernando Sastre Pastor jugar\u00e1 la pr\u00f3xima temporada, 2023-2024, en el equipo juvenil de la UD Almer\u00eda. El pegolino llega al club andaluz procedente del Valencia Juvenil B. Sali\u00f3 del club roget camino de X\u00e0tiva en la temporada 2018-2019, donde compiti\u00f3 dos temporadas en categor\u00eda infantil. Posteriormente, en la 2020-2021, fich\u00f3 por el Alzira, y la&hellip; <a class=\"more-link\" href=\"https:\/\/suasesport.com\/es\/el-pegolino-fernando-sastre-jugara-la-proxima-temporada-en-la-ud-almeria\/\">Seguir leyendo <span class=\"screen-reader-text\">El pegolino Fernando Sastre\u00a0 jugar\u00e1 la pr\u00f3xima temporada en la UD Almer\u00eda\u00a0<\/span><\/a><\/p>\n","protected":false},"author":1,"featured_media":15889,"comment_status":"open","ping_status":"open","sticky":false,"template":"","format":"standard","meta":{"footnotes":""},"categories":[6,153],"tags":[],"class_list":["post-15891","post","type-post","status-publish","format-standard","has-post-thumbnail","hentry","category-futbol","category-juveniles","entry"],"_links":{"self":[{"href":"https:\/\/suasesport.com\/es\/wp-json\/wp\/v2\/posts\/15891","targetHints":{"allow":["GET"]}}],"collection":[{"href":"https:\/\/suasesport.com\/es\/wp-json\/wp\/v2\/posts"}],"about":[{"href":"https:\/\/suasesport.com\/es\/wp-json\/wp\/v2\/types\/post"}],"author":[{"embeddable":true,"href":"https:\/\/suasesport.com\/es\/wp-json\/wp\/v2\/users\/1"}],"replies":[{"embeddable":true,"href":"https:\/\/suasesport.com\/es\/wp-json\/wp\/v2\/comments?post=15891"}],"version-history":[{"count":4,"href":"https:\/\/suasesport.com\/es\/wp-json\/wp\/v2\/posts\/15891\/revisions"}],"predecessor-version":[{"id":15897,"href":"https:\/\/suasesport.com\/es\/wp-json\/wp\/v2\/posts\/15891\/revisions\/15897"}],"wp:featuredmedia":[{"embeddable":true,"href":"https:\/\/suasesport.com\/es\/wp-json\/wp\/v2\/media\/15889"}],"wp:attachment":[{"href":"https:\/\/suasesport.com\/es\/wp-json\/wp\/v2\/media?parent=15891"}],"wp:term":[{"taxonomy":"category","embeddable":true,"href":"https:\/\/suasesport.com\/es\/wp-json\/wp\/v2\/categories?post=15891"},{"taxonomy":"post_tag","embeddable":true,"href":"https:\/\/suasesport.com\/es\/wp-json\/wp\/v2\/tags?post=15891"}],"curies":[{"name":"wp","href":"https:\/\/api.w.org\/{rel}","templated":true}]}}